{"id":1619,"date":"2020-12-30T20:23:23","date_gmt":"2020-12-30T20:23:23","guid":{"rendered":"http:\/\/siby.se\/tweet\/?p=1619"},"modified":"2020-12-30T20:23:23","modified_gmt":"2020-12-30T20:23:23","slug":"nast-sista-dagen-pa-aret","status":"publish","type":"post","link":"https:\/\/siby.se\/tweet\/blog\/2020\/12\/30\/nast-sista-dagen-pa-aret\/","title":{"rendered":"N\u00e4st sista dagen p\u00e5 \u00e5ret"},"content":{"rendered":"\n<p>H\u00e4r sitter jag p\u00e5 min yogamatta och lyssnar p\u00e5 musik och funderar \u00f6ver vad som h\u00e4nt det h\u00e4r \u00e5ret egentligen, mycket har st\u00e5tt p\u00e5 paus i samh\u00e4llet men min vardag har haft fullt upp. <\/p>\n\n\n\n<ol><li>L\u00e4genheten \u00e4r s\u00e5ld och jag bor numera i hus &#8211; kan ni fatta? 9 \u00e5r senare \u00e4r Gustav och jag  sambos &lt;3<\/li><li>Tv\u00e5 katter har f\u00e5tt flytta hem till oss &#8211; S\u00e5 katt r\u00e4dd jag var f\u00f6r 10 \u00e5r sedan kan man inte tro nu, tru jag f\u00e5tt s\u00e5 fina individer i mitt liv<\/li><li>Caruso fick somna in &#8211; Mitt hj\u00e4rta brister varje g\u00e5ng jag p\u00e5minns, jag saknar honom extremt mycket<\/li><li>Jag blev moster f\u00f6r tredje g\u00e5ngen och till sommarn blir det f\u00f6r fj\u00e4rde . Helt magiskt! \u00c4lskar att f\u00e5r vara moster och se dessa underbara s\u00e5 m\u00e4nniskor v\u00e4xa upp<\/li><li>\u00c5ker numera merca och inte golf<\/li><li>Renoverat 10 veckor i str\u00e4ck d\u00e4r 4 var min semester i somras<\/li><li>Gustav och jag var p\u00e5 Gran Canaria i b\u00f6rjan av mars innan corona slet tag i oss och satte resandet p\u00e5 paus<\/li><li>Fyllt \u00e5r, hela 32 \u00e5r<\/li><li>Tack vare lillasyster b\u00f6rjade jag rida igen p\u00e5 ridskolan, det b\u00e4sta beslutet p\u00e5 l\u00e4nge<\/li><li>\u00c4tit p\u00e5 tok f\u00f6r m\u00e5nga bullar<\/li><\/ol>\n\n\n\n<p>Livet har liksom traskat p\u00e5 \u00e4nd\u00e5 men jag hoppas att n\u00e4sta \u00e5r f\u00e5 krama mina n\u00e4ra och k\u00e4ra extra mycket.<\/p>\n\n\n\n<p>Ta hand dig!<\/p>\n","protected":false},"excerpt":{"rendered":"<p>H\u00e4r sitter jag p\u00e5 min yogamatta och lyssnar p\u00e5 musik och funderar \u00f6ver vad som h\u00e4nt det h\u00e4r \u00e5ret egentligen, mycket har st\u00e5tt p\u00e5 paus i samh\u00e4llet men min vardag har haft fullt upp. L\u00e4genheten \u00e4r s\u00e5ld och jag bor &hellip; <a href=\"https:\/\/siby.se\/tweet\/blog\/2020\/12\/30\/nast-sista-dagen-pa-aret\/\">Forts\u00e4tt l\u00e4sa <span class=\"meta-nav\">&rarr;<\/span><\/a><\/p>\n","protected":false},"author":1,"featured_media":0,"comment_status":"open","ping_status":"open","sticky":false,"template":"","format":"standard","meta":[],"categories":[3],"tags":[],"_links":{"self":[{"href":"https:\/\/siby.se\/tweet\/wp-json\/wp\/v2\/posts\/1619"}],"collection":[{"href":"https:\/\/siby.se\/tweet\/wp-json\/wp\/v2\/posts"}],"about":[{"href":"https:\/\/siby.se\/tweet\/wp-json\/wp\/v2\/types\/post"}],"author":[{"embeddable":true,"href":"https:\/\/siby.se\/tweet\/wp-json\/wp\/v2\/users\/1"}],"replies":[{"embeddable":true,"href":"https:\/\/siby.se\/tweet\/wp-json\/wp\/v2\/comments?post=1619"}],"version-history":[{"count":1,"href":"https:\/\/siby.se\/tweet\/wp-json\/wp\/v2\/posts\/1619\/revisions"}],"predecessor-version":[{"id":1620,"href":"https:\/\/siby.se\/tweet\/wp-json\/wp\/v2\/posts\/1619\/revisions\/1620"}],"wp:attachment":[{"href":"https:\/\/siby.se\/tweet\/wp-json\/wp\/v2\/media?parent=1619"}],"wp:term":[{"taxonomy":"category","embeddable":true,"href":"https:\/\/siby.se\/tweet\/wp-json\/wp\/v2\/categories?post=1619"},{"taxonomy":"post_tag","embeddable":true,"href":"https:\/\/siby.se\/tweet\/wp-json\/wp\/v2\/tags?post=1619"}],"curies":[{"name":"wp","href":"https:\/\/api.w.org\/{rel}","templated":true}]}}