{"id":1624,"date":"2021-01-02T15:08:47","date_gmt":"2021-01-02T15:08:47","guid":{"rendered":"http:\/\/siby.se\/tweet\/?p=1624"},"modified":"2021-01-02T15:08:47","modified_gmt":"2021-01-02T15:08:47","slug":"en-solkysst-brud","status":"publish","type":"post","link":"https:\/\/siby.se\/tweet\/blog\/2021\/01\/02\/en-solkysst-brud\/","title":{"rendered":"En solkysst brud"},"content":{"rendered":"\n<figure class=\"wp-block-image size-large\"><img loading=\"lazy\" width=\"3088\" height=\"2320\" src=\"https:\/\/siby.se\/tweet\/wp-content\/uploads\/2021\/01\/adkwVZRmT7ODvFsaZF3FMA.jpg\" alt=\"\" class=\"wp-image-1625\"\/><figcaption>fr\u00e5n i somras, vinden var varm och min hud var solkysst<\/figcaption><\/figure>\n\n\n\n<p>Idag kom en minnesbild upp n\u00e4r jag stod och lagade staketet till en del av vinterhagen d\u00e4r grannens h\u00e4star tillsammans med Gloria (v\u00e5r s\u00e4llskapsh\u00e4st) g\u00e5r i. Bilden i b\u00f6rjan av inl\u00e4gget \u00e4r fr\u00e5n det minnet, bilden \u00e4r tagen utanf\u00f6r fabriken, jag hade ledsnat p\u00e5 mina kollegor som inte tog sig tid att s\u00e4tta sig ute och verkligen ta en paus men att g\u00e5 ut och ta den d\u00e4r pausen blev startskottet till en period p\u00e5  utomhusluncher och lunchbad. Helt enkelt en bra period i slutet p\u00e5 sommaren. <\/p>\n\n\n\n<p>Man kan inte annat \u00e4n sakna sommaren n\u00e4r dagarna i enda \u00e4r flera nyanser utav gr\u00e5tt och sen blir det svart. Fast idag visade sig solen en stund och gav en dos energi. <\/p>\n\n\n\n<p>Nu ska jag g\u00f6ra mitt 19:e pass av yoga, min stund p\u00e5 dagen d\u00e4r jag t\u00e4nder ljus, s\u00e4tter p\u00e5 lugn musik och l\u00e5ter kroppen sk\u00f6ta sitt. <\/p>\n","protected":false},"excerpt":{"rendered":"<p>Idag kom en minnesbild upp n\u00e4r jag stod och lagade staketet till en del av vinterhagen d\u00e4r grannens h\u00e4star tillsammans med Gloria (v\u00e5r s\u00e4llskapsh\u00e4st) g\u00e5r i. Bilden i b\u00f6rjan av inl\u00e4gget \u00e4r fr\u00e5n det minnet, bilden \u00e4r tagen utanf\u00f6r fabriken, &hellip; <a href=\"https:\/\/siby.se\/tweet\/blog\/2021\/01\/02\/en-solkysst-brud\/\">Forts\u00e4tt l\u00e4sa <span class=\"meta-nav\">&rarr;<\/span><\/a><\/p>\n","protected":false},"author":1,"featured_media":0,"comment_status":"open","ping_status":"open","sticky":false,"template":"","format":"standard","meta":[],"categories":[3],"tags":[],"_links":{"self":[{"href":"https:\/\/siby.se\/tweet\/wp-json\/wp\/v2\/posts\/1624"}],"collection":[{"href":"https:\/\/siby.se\/tweet\/wp-json\/wp\/v2\/posts"}],"about":[{"href":"https:\/\/siby.se\/tweet\/wp-json\/wp\/v2\/types\/post"}],"author":[{"embeddable":true,"href":"https:\/\/siby.se\/tweet\/wp-json\/wp\/v2\/users\/1"}],"replies":[{"embeddable":true,"href":"https:\/\/siby.se\/tweet\/wp-json\/wp\/v2\/comments?post=1624"}],"version-history":[{"count":1,"href":"https:\/\/siby.se\/tweet\/wp-json\/wp\/v2\/posts\/1624\/revisions"}],"predecessor-version":[{"id":1626,"href":"https:\/\/siby.se\/tweet\/wp-json\/wp\/v2\/posts\/1624\/revisions\/1626"}],"wp:attachment":[{"href":"https:\/\/siby.se\/tweet\/wp-json\/wp\/v2\/media?parent=1624"}],"wp:term":[{"taxonomy":"category","embeddable":true,"href":"https:\/\/siby.se\/tweet\/wp-json\/wp\/v2\/categories?post=1624"},{"taxonomy":"post_tag","embeddable":true,"href":"https:\/\/siby.se\/tweet\/wp-json\/wp\/v2\/tags?post=1624"}],"curies":[{"name":"wp","href":"https:\/\/api.w.org\/{rel}","templated":true}]}}