{"id":1627,"date":"2021-01-05T20:02:21","date_gmt":"2021-01-05T20:02:21","guid":{"rendered":"http:\/\/siby.se\/tweet\/?p=1627"},"modified":"2021-01-05T20:07:06","modified_gmt":"2021-01-05T20:07:06","slug":"tro-inte-pa-allt-du-tanker","status":"publish","type":"post","link":"https:\/\/siby.se\/tweet\/blog\/2021\/01\/05\/tro-inte-pa-allt-du-tanker\/","title":{"rendered":"Tro inte p\u00e5 allt du t\u00e4nker"},"content":{"rendered":"\n<p>Idag blev jag avbruten p\u00e5 min lediga dag fr\u00e5n en kollega p\u00e5 jobbet, jag hade tagit ledigt f\u00f6r att kunna f\u00f6rbereda och fira min mamma som fyller 65. Noga meddelat mina n\u00e4rmsta kollegor och ledningsgruppen jag sitter i f\u00f6r att inte skapa missf\u00f6rst\u00e5nd och undvika att bli n\u00e5dd d\u00e5 jag m\u00e4rker vilken stress det inneb\u00e4r n\u00e4r jobbet kallar p\u00e5 mig n\u00e4r jag verkligen vet att jag beh\u00f6ver vara ledig ocg ha fokus n\u00e5gon annanstans \u00e4n jobbet. Hela dagen var lugn och sk\u00f6n fram tills n\u00e5gonstans mitt i kalaset ser jag p\u00e5 min privata telefon ett nummer jag k\u00e4nner igen och svarar, det \u00e4r en utav mina n\u00e4rmsta kollegor som visserligen ber\u00e4ttar att den \u00e4r ledsen att beh\u00f6va st\u00f6ra men dens chef tryckt p\u00e5 att ringa mig \u00e4nd\u00e5. Snabbt f\u00f6rklarades \u00e4rendet och jag kunde bara f\u00f6rmedla vad jag trodde ha h\u00e4nt men f\u00f6r att grundligare g\u00e5 igenom vad som orsakade att kostnader hamnat fel hade jag beh\u00f6vt min jobbdator men som tur var stannade den hemma, s\u00e5 samtalet varade knappt 1 1\/2 min men det f\u00f6rst\u00f6rde resten utav dagen. Jag sitter \u00e4n med en stressklump i magen och tankarna far fram och tillbaka. <br><br>Det har varit en tuff v\u00e5r n\u00e4r det g\u00e4ller jobbstress, jag var s\u00e5 tr\u00f6tt n\u00e4r semestern kom att jag sov en vecka och efter tre k\u00e4nde jag att det fanns mer \u00e4n h\u00e5lla huvudet \u00f6ver vatten ytan. Idag k\u00e4ndes det som om jag var tillbaka, tillbaka i en situation d\u00e4r jag saknade kontroll \u00f6ver mina arbetsuppgifter. Att den tid jag beh\u00f6vde arbeta med mina \u00e5ts upp av rapportering, fr\u00e5gor och administrativa uppgifter som tillkom i samband med systembyte och organisationsf\u00f6r\u00e4ndring.<\/p>\n\n\n\n<p>Jag \u00e4r inte intresserad att br\u00e4nna ut den gl\u00f6d jag har inom mig, att krascha den arbetsmyra jag faktiskt \u00e4r. Jag ger alltid 100%, \u00e4r lojal och plikt trogen men n\u00e4r jobbet gr\u00e4ver sig n\u00e4rmre min privata sf\u00e4r d\u00e5 m\u00e5r jag s\u00e4mre. Det tar s\u00e5 mycket utav min kreativitet och fart.<\/p>\n\n\n\n<p>S\u00e5 det samtalet som bara skulle vara ett f\u00f6rtydligande i dens arbete, ett s\u00e4tt att hitta sitt svar som \u00e4ven i dens tro endast bara skulle bli en liten parantes hos mig i min ledighet. Tyv\u00e4rr blev det en klump i magen och pyrande ilska. Personen i fr\u00e5ga tog bort mitt val att v\u00e4lja, att v\u00e4lja aktivt om jag hade tid att hj\u00e4lpa eller i ett sms kunna s\u00e4ga tyv\u00e4rr jag kan inte hj\u00e4lpa dig men ring den h\u00e4r&#8230; s\u00e5 f\u00e5r vi sammanstr\u00e5la n\u00e4r jag \u00e4r tillbaka p\u00e5 jobbet igen.<\/p>\n\n\n\n<p>Jag \u00e4r sen den h\u00e4r v\u00e5ren r\u00e4dd om min privata tid och jag kr\u00e4ver mer \u00e5terh\u00e4mtning \u00e4n n\u00e5gonsin, det blir uppenbart vid s\u00e5dana h\u00e4r tillf\u00e4llen, jag \u00e4r inte klar att ta emot den stressen. Mitt jobb \u00e4r nu att vara tydlig mot mina kollegor och framf\u00f6rallt att vara tydlig f\u00f6r mig sj\u00e4lv. Jag beh\u00f6ver inte tro p\u00e5 alla tankat som fram i huvudet, att jag \u00e4ger ansvaret f\u00f6r allt. Jag m\u00e5ste l\u00e4ra mig att inte tro p\u00e5 allt jag t\u00e4nker.<\/p>\n\n\n\n<figure class=\"wp-block-gallery columns-1 is-cropped\"><ul class=\"blocks-gallery-grid\"><li class=\"blocks-gallery-item\"><figure><img loading=\"lazy\" width=\"1440\" height=\"1800\" src=\"https:\/\/siby.se\/tweet\/wp-content\/uploads\/2021\/01\/E385A16A-6F22-446A-A7CD-727CC5E8C596.jpg\" alt=\"\" data-id=\"1628\" data-link=\"https:\/\/siby.se\/tweet\/?attachment_id=1628\" class=\"wp-image-1628\"\/><\/figure><\/li><\/ul><\/figure>\n","protected":false},"excerpt":{"rendered":"<p>Idag blev jag avbruten p\u00e5 min lediga dag fr\u00e5n en kollega p\u00e5 jobbet, jag hade tagit ledigt f\u00f6r att kunna f\u00f6rbereda och fira min mamma som fyller 65. Noga meddelat mina n\u00e4rmsta kollegor och ledningsgruppen jag sitter i f\u00f6r att &hellip; <a href=\"https:\/\/siby.se\/tweet\/blog\/2021\/01\/05\/tro-inte-pa-allt-du-tanker\/\">Forts\u00e4tt l\u00e4sa <span class=\"meta-nav\">&rarr;<\/span><\/a><\/p>\n","protected":false},"author":1,"featured_media":0,"comment_status":"open","ping_status":"open","sticky":false,"template":"","format":"standard","meta":[],"categories":[3],"tags":[],"_links":{"self":[{"href":"https:\/\/siby.se\/tweet\/wp-json\/wp\/v2\/posts\/1627"}],"collection":[{"href":"https:\/\/siby.se\/tweet\/wp-json\/wp\/v2\/posts"}],"about":[{"href":"https:\/\/siby.se\/tweet\/wp-json\/wp\/v2\/types\/post"}],"author":[{"embeddable":true,"href":"https:\/\/siby.se\/tweet\/wp-json\/wp\/v2\/users\/1"}],"replies":[{"embeddable":true,"href":"https:\/\/siby.se\/tweet\/wp-json\/wp\/v2\/comments?post=1627"}],"version-history":[{"count":3,"href":"https:\/\/siby.se\/tweet\/wp-json\/wp\/v2\/posts\/1627\/revisions"}],"predecessor-version":[{"id":1631,"href":"https:\/\/siby.se\/tweet\/wp-json\/wp\/v2\/posts\/1627\/revisions\/1631"}],"wp:attachment":[{"href":"https:\/\/siby.se\/tweet\/wp-json\/wp\/v2\/media?parent=1627"}],"wp:term":[{"taxonomy":"category","embeddable":true,"href":"https:\/\/siby.se\/tweet\/wp-json\/wp\/v2\/categories?post=1627"},{"taxonomy":"post_tag","embeddable":true,"href":"https:\/\/siby.se\/tweet\/wp-json\/wp\/v2\/tags?post=1627"}],"curies":[{"name":"wp","href":"https:\/\/api.w.org\/{rel}","templated":true}]}}