{"id":164,"date":"2013-08-18T02:46:21","date_gmt":"2013-08-18T02:46:21","guid":{"rendered":"http:\/\/siby.se\/tweet\/?p=164"},"modified":"2013-08-18T02:46:21","modified_gmt":"2013-08-18T02:46:21","slug":"andfadd","status":"publish","type":"post","link":"https:\/\/siby.se\/tweet\/blog\/2013\/08\/18\/andfadd\/","title":{"rendered":"Andf\u00e5dd"},"content":{"rendered":"<p>I l\u00f6rdags har det varit f\u00f6delsedagskalas f\u00f6r Axel och inflyttningsfest f\u00f6r Sandra och Axels hus. Vi packade in oss i bilen och k\u00f6rde till G\u00f6teborg f\u00f6r att fira och hj\u00e4lpa till. Mycket mat, trevliga g\u00e4ster, st\u00e4mningen var p\u00e5 topp!!!\u00a0 Jag lyckades hitta en sk\u00f6n soffa med Brummel och somnade gott, sida vid sida tills mor tyckte att jag skulle b\u00e4dda min tillt\u00e4nkta s\u00e4ng, i Sandra och axels rum..<\/p>\n<p>Dock v\u00e4cktes jag av ett tr\u00f6skverk som snarkar s\u00e5 nu ligger jag i en soffa p\u00e5 nederv\u00e5ningen, klockan \u00e4r 04:44. Tror jag ska prova sova lite till..<\/p>\n","protected":false},"excerpt":{"rendered":"<p>I l\u00f6rdags har det varit f\u00f6delsedagskalas f\u00f6r Axel och inflyttningsfest f\u00f6r Sandra och Axels hus. Vi packade in oss i bilen och k\u00f6rde till G\u00f6teborg f\u00f6r att fira och hj\u00e4lpa till. Mycket mat, trevliga g\u00e4ster, st\u00e4mningen var p\u00e5 topp!!!\u00a0 Jag &hellip; <a href=\"https:\/\/siby.se\/tweet\/blog\/2013\/08\/18\/andfadd\/\">Forts\u00e4tt l\u00e4sa <span class=\"meta-nav\">&rarr;<\/span><\/a><\/p>\n","protected":false},"author":1,"featured_media":0,"comment_status":"open","ping_status":"open","sticky":false,"template":"","format":"standard","meta":[],"categories":[3],"tags":[],"_links":{"self":[{"href":"https:\/\/siby.se\/tweet\/wp-json\/wp\/v2\/posts\/164"}],"collection":[{"href":"https:\/\/siby.se\/tweet\/wp-json\/wp\/v2\/posts"}],"about":[{"href":"https:\/\/siby.se\/tweet\/wp-json\/wp\/v2\/types\/post"}],"author":[{"embeddable":true,"href":"https:\/\/siby.se\/tweet\/wp-json\/wp\/v2\/users\/1"}],"replies":[{"embeddable":true,"href":"https:\/\/siby.se\/tweet\/wp-json\/wp\/v2\/comments?post=164"}],"version-history":[{"count":1,"href":"https:\/\/siby.se\/tweet\/wp-json\/wp\/v2\/posts\/164\/revisions"}],"predecessor-version":[{"id":165,"href":"https:\/\/siby.se\/tweet\/wp-json\/wp\/v2\/posts\/164\/revisions\/165"}],"wp:attachment":[{"href":"https:\/\/siby.se\/tweet\/wp-json\/wp\/v2\/media?parent=164"}],"wp:term":[{"taxonomy":"category","embeddable":true,"href":"https:\/\/siby.se\/tweet\/wp-json\/wp\/v2\/categories?post=164"},{"taxonomy":"post_tag","embeddable":true,"href":"https:\/\/siby.se\/tweet\/wp-json\/wp\/v2\/tags?post=164"}],"curies":[{"name":"wp","href":"https:\/\/api.w.org\/{rel}","templated":true}]}}