{"id":1640,"date":"2021-02-28T07:54:22","date_gmt":"2021-02-28T07:54:22","guid":{"rendered":"http:\/\/siby.se\/tweet\/?p=1640"},"modified":"2021-02-28T07:54:22","modified_gmt":"2021-02-28T07:54:22","slug":"drommar-2","status":"publish","type":"post","link":"https:\/\/siby.se\/tweet\/blog\/2021\/02\/28\/drommar-2\/","title":{"rendered":"Dr\u00f6mmar"},"content":{"rendered":"\n<p>Jag \u00e4r p\u00e5 en plats i livet jag inte ens kunnat dr\u00f6mma om.<br>Gustav har efter m\u00e5nga \u00e5r f\u00e5tt m\u00f6jligheter att ta \u00f6ver sitt f\u00f6r\u00e4ldrahem, processen har vart l\u00e5ng och l\u00e5ngsam och flera g\u00e5nger trodde jag att vi beh\u00f6vde ge upp dr\u00f6mmen att f\u00e5 f\u00f6rvalta hans f\u00f6r\u00e4ldrahem. Vid \u00e5rsskiftet h\u00e4nde det, nu st\u00e5r vi h\u00e4r med alla m\u00f6jligheter i v\u00e4rlden. Det \u00e4r snart ett \u00e5rs sen jag flyttade in p\u00e5 heltid i huset och jag t\u00e4nker tillbaka p\u00e5 alla underbara morgonkoppar kaffe jag tagit i huset. Jag har hittat mina favoritst\u00e4llen, k\u00f6kstrappen med morgonens f\u00f6rsta str\u00e5lar fr\u00e5n solen som s\u00e4llskap, uppkrupen i den gamla soffan i pianorummet och under l\u00f6vverket av de 400-\u00e5riga bokarna. Nu sitter jag uppkrupen i soffan och dricker den h\u00e4r s\u00f6ndagens morgonkopp av kaffe, en stor bukett tulpaner st\u00e5r intill koppen. Jag tittar ut genom f\u00f6nstret och ser bl\u00e5 himmel, sol, och frostbitet gr\u00e4s. \u00c4n h\u00e5ller sig vinter i men jag ger solen n\u00e5gra timmar att v\u00e4rma upp dagen och efter lunch blir det en promenad i skogen. Jag uppskattar de h\u00e4r stunden f\u00f6r mig sj\u00e4lv d\u00e4r jag f\u00e5r blicka ut och dr\u00f6mma om en oanv\u00e4nd dag. <br><br><\/p>\n","protected":false},"excerpt":{"rendered":"<p>Jag \u00e4r p\u00e5 en plats i livet jag inte ens kunnat dr\u00f6mma om.Gustav har efter m\u00e5nga \u00e5r f\u00e5tt m\u00f6jligheter att ta \u00f6ver sitt f\u00f6r\u00e4ldrahem, processen har vart l\u00e5ng och l\u00e5ngsam och flera g\u00e5nger trodde jag att vi beh\u00f6vde ge upp &hellip; <a href=\"https:\/\/siby.se\/tweet\/blog\/2021\/02\/28\/drommar-2\/\">Forts\u00e4tt l\u00e4sa <span class=\"meta-nav\">&rarr;<\/span><\/a><\/p>\n","protected":false},"author":1,"featured_media":0,"comment_status":"open","ping_status":"open","sticky":false,"template":"","format":"standard","meta":[],"categories":[3,1],"tags":[],"_links":{"self":[{"href":"https:\/\/siby.se\/tweet\/wp-json\/wp\/v2\/posts\/1640"}],"collection":[{"href":"https:\/\/siby.se\/tweet\/wp-json\/wp\/v2\/posts"}],"about":[{"href":"https:\/\/siby.se\/tweet\/wp-json\/wp\/v2\/types\/post"}],"author":[{"embeddable":true,"href":"https:\/\/siby.se\/tweet\/wp-json\/wp\/v2\/users\/1"}],"replies":[{"embeddable":true,"href":"https:\/\/siby.se\/tweet\/wp-json\/wp\/v2\/comments?post=1640"}],"version-history":[{"count":2,"href":"https:\/\/siby.se\/tweet\/wp-json\/wp\/v2\/posts\/1640\/revisions"}],"predecessor-version":[{"id":1645,"href":"https:\/\/siby.se\/tweet\/wp-json\/wp\/v2\/posts\/1640\/revisions\/1645"}],"wp:attachment":[{"href":"https:\/\/siby.se\/tweet\/wp-json\/wp\/v2\/media?parent=1640"}],"wp:term":[{"taxonomy":"category","embeddable":true,"href":"https:\/\/siby.se\/tweet\/wp-json\/wp\/v2\/categories?post=1640"},{"taxonomy":"post_tag","embeddable":true,"href":"https:\/\/siby.se\/tweet\/wp-json\/wp\/v2\/tags?post=1640"}],"curies":[{"name":"wp","href":"https:\/\/api.w.org\/{rel}","templated":true}]}}