{"id":1674,"date":"2022-05-20T07:35:44","date_gmt":"2022-05-20T07:35:44","guid":{"rendered":"https:\/\/siby.se\/tweet\/?p=1674"},"modified":"2022-05-20T07:59:46","modified_gmt":"2022-05-20T07:59:46","slug":"mitt-odlingsar-2022","status":"publish","type":"post","link":"https:\/\/siby.se\/tweet\/blog\/2022\/05\/20\/mitt-odlingsar-2022\/","title":{"rendered":"Mitt odlings\u00e5r 2022"},"content":{"rendered":"\n<p>N\u00e4r jag stod i b\u00f6rjan p\u00e5 januari hade jag ingen aning om hur odlings\u00e5ret 2022 skulle bli, gravid i 6:e m\u00e5naden och dr\u00f6mmar om hur odlingarna skulle planeras och struktureras och en \u00f6nskelista b\u00f6rjade skrivas.<br><br>1. F\u00e5 ordning p\u00e5 landet som ska t\u00e4ckodlas<br>2. Bygga en kompost i h\u00f6rnet vid den stora granen<br>3. Bygga en dahliarabatt som jag kompletterar med 1-\u00e5riga sommarblommor<br>4. F\u00f6ra anteckningar p\u00e5 vad jag s\u00e5r och vart nya v\u00e4xter planteras<br>5. Bygga drivb\u00e4nkar p\u00e5 baksidan mot grunden (outnyttjad yta som \u00e4nd\u00e5 bara trimmas)<br>&#8230; osv.<br><br>Hur gick det? Idag \u00e4r det den 20 maj och f\u00f6rsta g\u00e5ngen som barnbidraget betalas ut (hur gick det h\u00e4r till?) f\u00f6r v\u00e5r dotter. Tillsammans den h\u00e4r morgonen med dottern sittandes i sjalen p\u00e5 mitt br\u00f6st gick vi ut och s\u00e5dde b\u00f6nor och \u00e4rtor och s\u00e5g \u00f6ver v\u00e5ra sm\u00e5 odlingar. <br><br>1. Ingen kompost har byggts, det f\u00e5r komma senare under \u00e5ret<br>2. Landet som jag lagt massa halm \u00f6ver har f\u00e5tt potatis nedstoppat, ingen aning om det lyckas vi f\u00e5r helt enkelt se<br>3. Jag best\u00e4llde hem 6 dahliakn\u00f6lar tidigt i\u00e5r och f\u00f6r 1 1\/2 vecka sedan stod rabatten klar och jag kunde plantera ut min kn\u00f6lar som jag f\u00f6rodlat inomhus. <br>4. Jag har gjort anteckningar men v\u00e4ldigt sporadiskt och inser att jag m\u00e5ste hitta ett annat s\u00e4tt om jag ska lyckas f\u00f6ra de anteckningar jag vill.<br>5. Drivb\u00e4nkarna kommer men inte just nu, min lilla hj\u00e4lpreda har f\u00e5tt mig att s\u00e4tta det h\u00e4r p\u00e5 paus.<\/p>\n\n\n\n<p>Vad har vi s\u00e5tt d\u00e5? JO men jag har lyckats driva upp 10 st plantor av kron\u00e4rtskocka nu \u00e5terst\u00e5r det bara och se om de kommer bli n\u00e5got vettigt av dem. R\u00e4disor, mangold, sallad och spenat \u00e4r nedstoppade i jorden. Gull\u00f6k satte jag och hj\u00e4lpredan i april s\u00e5 dessa har kommit ig\u00e5ng riktigt fint.<br>Fick 5 tomatplantor av en v\u00e4n som jag har planterat ner i stora hinkar och hoppas p\u00e5 en fin sk\u00f6rd. Sen har jag s\u00e5tt lukt\u00f6rt och massa sommarblommor s\u00e5 hoppas dessa kommer trivas och vi f\u00e5r mycket bes\u00f6k av fj\u00e4rilar, humlor och bin.<br><br>Ut\u00f6ver det vi s\u00e5tt fr\u00e5n fr\u00f6n har vi planterat en vinb\u00e4rsbuske, rabarbern som sattes f\u00f6rra \u00e5ret kommer  riktigt fint. Alla frukttr\u00e4d har blommat s\u00e5 h\u00e5ller tummarna att jag kan sk\u00f6rda en hel del \u00e4pplen, p\u00e4ron, bigarr\u00e5er och s\u00f6tb\u00e4r. <\/p>\n\n\n\n<p>Men nu h\u00f6ll jag p\u00e5 att gl\u00f6mma, vi har satt zucchini, hoppas hoppas dessa kommer och jag kan sk\u00f6rda egenodlad zucchini. Planen \u00e4r att riva och torka den s\u00e5 jag kan plocka fram den i h\u00f6st\/vinter n\u00e4r alla goda grytor ska tillagas.<\/p>\n\n\n\n<p>Nu b\u00f6rjar lilla hj\u00e4lpredan vakna och det h\u00f6g tid f\u00f6r mat, vi f\u00e5r se vad vi hittat p\u00e5 i tr\u00e4dg\u00e5rden till n\u00e4sta g\u00e5ng<\/p>\n\n\n\n<figure class=\"wp-block-image size-full\"><img loading=\"lazy\" width=\"1440\" height=\"1440\" src=\"http:\/\/siby.se\/tweet\/wp-content\/uploads\/2022\/05\/69CBAA6E-0F6E-44DA-8176-25B5CBC2B6C1.jpeg\" alt=\"\" class=\"wp-image-1676\"\/><figcaption>Blommande plommontr\u00e4d<\/figcaption><\/figure>\n","protected":false},"excerpt":{"rendered":"<p>N\u00e4r jag stod i b\u00f6rjan p\u00e5 januari hade jag ingen aning om hur odlings\u00e5ret 2022 skulle bli, gravid i 6:e m\u00e5naden och dr\u00f6mmar om hur odlingarna skulle planeras och struktureras och en \u00f6nskelista b\u00f6rjade skrivas. 1. F\u00e5 ordning p\u00e5 landet &hellip; <a href=\"https:\/\/siby.se\/tweet\/blog\/2022\/05\/20\/mitt-odlingsar-2022\/\">Forts\u00e4tt l\u00e4sa <span class=\"meta-nav\">&rarr;<\/span><\/a><\/p>\n","protected":false},"author":1,"featured_media":0,"comment_status":"open","ping_status":"open","sticky":false,"template":"","format":"standard","meta":[],"categories":[20,21],"tags":[],"_links":{"self":[{"href":"https:\/\/siby.se\/tweet\/wp-json\/wp\/v2\/posts\/1674"}],"collection":[{"href":"https:\/\/siby.se\/tweet\/wp-json\/wp\/v2\/posts"}],"about":[{"href":"https:\/\/siby.se\/tweet\/wp-json\/wp\/v2\/types\/post"}],"author":[{"embeddable":true,"href":"https:\/\/siby.se\/tweet\/wp-json\/wp\/v2\/users\/1"}],"replies":[{"embeddable":true,"href":"https:\/\/siby.se\/tweet\/wp-json\/wp\/v2\/comments?post=1674"}],"version-history":[{"count":4,"href":"https:\/\/siby.se\/tweet\/wp-json\/wp\/v2\/posts\/1674\/revisions"}],"predecessor-version":[{"id":1682,"href":"https:\/\/siby.se\/tweet\/wp-json\/wp\/v2\/posts\/1674\/revisions\/1682"}],"wp:attachment":[{"href":"https:\/\/siby.se\/tweet\/wp-json\/wp\/v2\/media?parent=1674"}],"wp:term":[{"taxonomy":"category","embeddable":true,"href":"https:\/\/siby.se\/tweet\/wp-json\/wp\/v2\/categories?post=1674"},{"taxonomy":"post_tag","embeddable":true,"href":"https:\/\/siby.se\/tweet\/wp-json\/wp\/v2\/tags?post=1674"}],"curies":[{"name":"wp","href":"https:\/\/api.w.org\/{rel}","templated":true}]}}