{"id":1685,"date":"2022-05-27T07:38:47","date_gmt":"2022-05-27T07:38:47","guid":{"rendered":"https:\/\/siby.se\/tweet\/?p=1685"},"modified":"2022-05-27T07:38:47","modified_gmt":"2022-05-27T07:38:47","slug":"pallkragar","status":"publish","type":"post","link":"https:\/\/siby.se\/tweet\/blog\/2022\/05\/27\/pallkragar\/","title":{"rendered":"Pallkragar"},"content":{"rendered":"\n<p>N\u00e4r den lilla hj\u00e4lpredan inte vill sova i vagnen utan bara i selen p\u00e5 magen f\u00e5r man pyssla med s\u00e5dant som inte kr\u00e4ver att man b\u00f6jer sig ned allt f\u00f6r m\u00e5nga g\u00e5nger. S\u00e5 under de senaste dagarna har vi m\u00e5lat pallkragar som kommer bli hem f\u00f6r sparris och Zucchini. Det har regnat ordentligt s\u00e5 vi har inte beh\u00f6vt vattnat vilket \u00e4r tacksam. Dock lite synd att jag inte f\u00e5tt ordning p\u00e5 n\u00e5gon vettig vattenuppsamling s\u00e5 jag kunde ta till vara p\u00e5 vattnet men men det finns i den mentala fixa-listan s\u00e5 inom sinom tid kommer \u00e4ven vi kunna ta tillvara p\u00e5 regnvattnet.<\/p>\n\n\n\n<p>Hoppas min lilla hj\u00e4lpreda kan t\u00e4nka sig sova i vagnen under n\u00e4sta lur s\u00e5 jag kan f\u00e5 fixa iordning pallkragarna s\u00e5 allt \u00e4r klart n\u00e4r sparrisplantorna kommer och zucchinin \u00e4r redo att flytta fr\u00e5n kruka till krage.<\/p>\n\n\n\n<p>Nu ska jag ut med en kopp kaffe och dr\u00f6mma om ett orangeri, dr\u00f6mbilden \u00e4r att f\u00e5 tassa ut p\u00e5 morgonen, nakna f\u00f6tter blir bl\u00f6ta av daggen och f\u00e5 krypa upp i en f\u00e5t\u00f6lj med f\u00f6rsta koppen kaffe och lilla hj\u00e4lpredan snusande intill. <\/p>\n\n\n\n<figure class=\"wp-block-image size-full is-style-rounded\"><img loading=\"lazy\" width=\"1334\" height=\"1334\" src=\"https:\/\/siby.se\/tweet\/wp-content\/uploads\/2022\/05\/D90635FD-F200-4861-B5B7-232D43226412.jpeg\" alt=\"\" class=\"wp-image-1686\"\/><\/figure>\n","protected":false},"excerpt":{"rendered":"<p>N\u00e4r den lilla hj\u00e4lpredan inte vill sova i vagnen utan bara i selen p\u00e5 magen f\u00e5r man pyssla med s\u00e5dant som inte kr\u00e4ver att man b\u00f6jer sig ned allt f\u00f6r m\u00e5nga g\u00e5nger. S\u00e5 under de senaste dagarna har vi m\u00e5lat &hellip; <a href=\"https:\/\/siby.se\/tweet\/blog\/2022\/05\/27\/pallkragar\/\">Forts\u00e4tt l\u00e4sa <span class=\"meta-nav\">&rarr;<\/span><\/a><\/p>\n","protected":false},"author":1,"featured_media":0,"comment_status":"open","ping_status":"open","sticky":false,"template":"","format":"standard","meta":[],"categories":[20,21],"tags":[],"_links":{"self":[{"href":"https:\/\/siby.se\/tweet\/wp-json\/wp\/v2\/posts\/1685"}],"collection":[{"href":"https:\/\/siby.se\/tweet\/wp-json\/wp\/v2\/posts"}],"about":[{"href":"https:\/\/siby.se\/tweet\/wp-json\/wp\/v2\/types\/post"}],"author":[{"embeddable":true,"href":"https:\/\/siby.se\/tweet\/wp-json\/wp\/v2\/users\/1"}],"replies":[{"embeddable":true,"href":"https:\/\/siby.se\/tweet\/wp-json\/wp\/v2\/comments?post=1685"}],"version-history":[{"count":1,"href":"https:\/\/siby.se\/tweet\/wp-json\/wp\/v2\/posts\/1685\/revisions"}],"predecessor-version":[{"id":1687,"href":"https:\/\/siby.se\/tweet\/wp-json\/wp\/v2\/posts\/1685\/revisions\/1687"}],"wp:attachment":[{"href":"https:\/\/siby.se\/tweet\/wp-json\/wp\/v2\/media?parent=1685"}],"wp:term":[{"taxonomy":"category","embeddable":true,"href":"https:\/\/siby.se\/tweet\/wp-json\/wp\/v2\/categories?post=1685"},{"taxonomy":"post_tag","embeddable":true,"href":"https:\/\/siby.se\/tweet\/wp-json\/wp\/v2\/tags?post=1685"}],"curies":[{"name":"wp","href":"https:\/\/api.w.org\/{rel}","templated":true}]}}