{"id":1694,"date":"2022-06-30T10:48:25","date_gmt":"2022-06-30T10:48:25","guid":{"rendered":"https:\/\/siby.se\/tweet\/?p=1694"},"modified":"2022-06-30T10:48:25","modified_gmt":"2022-06-30T10:48:25","slug":"till-var-dotter-svea","status":"publish","type":"post","link":"https:\/\/siby.se\/tweet\/blog\/2022\/06\/30\/till-var-dotter-svea\/","title":{"rendered":"Till v\u00e5r dotter Svea"},"content":{"rendered":"\n<p>V\u00e5r \u00e4lskade lilla hj\u00e4lpreda, som g\u00f6r att vi m\u00e5ste v\u00e4xla ner och ta oss an saker l\u00e5ngsammare och med fler dagar inr\u00e4knade. Ett exempel \u00e4r pallkragen som de 6 nya dahliakn\u00f6larna ska bo i tog 3 dagar mer att sammanst\u00e4lla \u00e4n innan Svea kom. Det h\u00e4r \u00e4r v\u00e5r nya vardag det \u00e4r ibland frustrerande och tufft men som oftast \u00e4r det helt fantastiskt att f\u00e5 se in i hennes \u00f6gon och f\u00e5 det finaste leendet. Hennes vakna tid ska jag ge s\u00e5 mycket av min n\u00e4rvaro jag kan och n\u00e4r hon sover ska jag g\u00f6ra allt det d\u00e4r andra.  V\u00e5r tr\u00e4dg\u00e5rd ska vara p\u00e5 lekplats d\u00e4r hon ska f\u00e5 vara med och uppt\u00e4cka tr\u00e4dg\u00e5rdens magiska v\u00e4rld.<\/p>\n\n\n\n<p>S\u00e5 f\u00f6r Svea har Fr\u00e4lseg\u00e5rden f\u00e5tt 2 nya v\u00e4nner, 2 st rosor som heter Svea och det \u00e4r till\u00e4gnade v\u00e5r fina tjej som visar vad en stor del av livet g\u00e5r ut p\u00e5, k\u00e4rlek &lt;3<\/p>\n\n\n\n<p class=\"has-text-align-center\"><img loading=\"lazy\" width=\"750\" height=\"750\" class=\"wp-image-1695\" style=\"width: 150px;\" src=\"http:\/\/siby.se\/tweet\/wp-content\/uploads\/2022\/06\/4BC54D09-88D7-4E33-AD41-E99FE4C75C39.jpeg\" alt=\"\"><\/p>\n","protected":false},"excerpt":{"rendered":"<p>V\u00e5r \u00e4lskade lilla hj\u00e4lpreda, som g\u00f6r att vi m\u00e5ste v\u00e4xla ner och ta oss an saker l\u00e5ngsammare och med fler dagar inr\u00e4knade. Ett exempel \u00e4r pallkragen som de 6 nya dahliakn\u00f6larna ska bo i tog 3 dagar mer att sammanst\u00e4lla &hellip; <a href=\"https:\/\/siby.se\/tweet\/blog\/2022\/06\/30\/till-var-dotter-svea\/\">Forts\u00e4tt l\u00e4sa <span class=\"meta-nav\">&rarr;<\/span><\/a><\/p>\n","protected":false},"author":1,"featured_media":0,"comment_status":"open","ping_status":"open","sticky":false,"template":"","format":"standard","meta":[],"categories":[20,21],"tags":[],"_links":{"self":[{"href":"https:\/\/siby.se\/tweet\/wp-json\/wp\/v2\/posts\/1694"}],"collection":[{"href":"https:\/\/siby.se\/tweet\/wp-json\/wp\/v2\/posts"}],"about":[{"href":"https:\/\/siby.se\/tweet\/wp-json\/wp\/v2\/types\/post"}],"author":[{"embeddable":true,"href":"https:\/\/siby.se\/tweet\/wp-json\/wp\/v2\/users\/1"}],"replies":[{"embeddable":true,"href":"https:\/\/siby.se\/tweet\/wp-json\/wp\/v2\/comments?post=1694"}],"version-history":[{"count":1,"href":"https:\/\/siby.se\/tweet\/wp-json\/wp\/v2\/posts\/1694\/revisions"}],"predecessor-version":[{"id":1696,"href":"https:\/\/siby.se\/tweet\/wp-json\/wp\/v2\/posts\/1694\/revisions\/1696"}],"wp:attachment":[{"href":"https:\/\/siby.se\/tweet\/wp-json\/wp\/v2\/media?parent=1694"}],"wp:term":[{"taxonomy":"category","embeddable":true,"href":"https:\/\/siby.se\/tweet\/wp-json\/wp\/v2\/categories?post=1694"},{"taxonomy":"post_tag","embeddable":true,"href":"https:\/\/siby.se\/tweet\/wp-json\/wp\/v2\/tags?post=1694"}],"curies":[{"name":"wp","href":"https:\/\/api.w.org\/{rel}","templated":true}]}}