{"id":1702,"date":"2022-07-27T08:41:08","date_gmt":"2022-07-27T08:41:08","guid":{"rendered":"https:\/\/siby.se\/tweet\/?p=1702"},"modified":"2022-07-27T08:41:44","modified_gmt":"2022-07-27T08:41:44","slug":"mitt-frobibliotek","status":"publish","type":"post","link":"https:\/\/siby.se\/tweet\/blog\/2022\/07\/27\/mitt-frobibliotek\/","title":{"rendered":"Mitt fr\u00f6bibliotek"},"content":{"rendered":"\n<p>Lilla hj\u00e4lpredan somnade i s\u00e4ngen och det h\u00e4nder inte s\u00e5 ofta d\u00e5 vi ofta k\u00f6r f\u00f6rmiddagsluren i selen\/sjalen\/famnen hos mig och n\u00e4r det d\u00e5 h\u00e4nder att hon somnar sj\u00e4lv s\u00e4tter hj\u00e4rnan ig\u00e5ng och fundera p\u00e5 allt som kan hinnas g\u00f6ras innan hon vaknar igen. M\u00e5nga g\u00e5nger \u00e5ker ordet ST\u00c4DA upp men allts\u00e5 det kan jag faktiskt g\u00f6ra n\u00e4r hennes pappa \u00e4r hemma och de har egentid tillsammans. S\u00e5 dammsugaren f\u00e5r st\u00e5 kvar och jag t\u00e4nker l\u00e4gga tid p\u00e5 att se \u00f6ver mitt bibliotek \u00f6ver fr\u00f6er och f\u00f6ra en inneh\u00e5llsf\u00f6rteckning som jag kan l\u00e4gga i l\u00e5dan. I n\u00e4sta stycke kommer det som finns kvar efter \u00e5rets s\u00e5dder och fr\u00f6er jag k\u00f6pt inf\u00f6r n\u00e4sta \u00e5rs s\u00e4song.<\/p>\n\n\n\n<p><strong>Till Gr\u00f6nsakslandet<\/strong><br>Halloweenpumpa<br>Butternuttpumpa<br>Squash<br>Spenat<br>Sallat<br>Gr\u00f6nk\u00e5l &#8221;Dwarf green curled&#8221;<br>Gr\u00f6nk\u00e5l &#8221;Scaret&#8221;<br>Frilandsgurka<br>Kruktomat<br>R\u00f6dbeta &#8221;polka&#8221;<br>Sm\u00f6rg\u00e5skrasse<br>Kron\u00e4rtskocka<br>Brytsockerb\u00f6na<br>Mangold<br>Dill<\/p>\n\n\n\n<p><strong>Det som blommar<\/strong><br>Blommor f\u00f6r nyttoinsekter<br>Slingerkrasse<br>J\u00e4ttevallmo<br>Prydnadspumpa<br>Flitiga Lisa<br>Stockrosor<br>Jungfru i det gr\u00f6na<br>Tiger\u00f6ga<br>Prins Gustafs \u00f6ga<br>Rosensk\u00e4ra &#8221;Fizzy White&#8221;<br>Sl\u00f6jsilja<br>Vit solros<br>R\u00e4vsvans<br>Lukt\u00e4rt &#8221;vinr\u00f6d&#8221;<br>Lukt\u00e4rt &#8221;M\u00f6rkrosa&#8221;<br>Gullsk\u00e4ra<br>Dv\u00e4rgkrasse<br>Zinnia &#8221;korall\/r\u00f6d&#8221;<br>Phlox &#8221;Creme&#8221;<\/p>\n\n\n\n<p>Nu ska jag skriva ner allt och kommentera med OK datum eller gamla s\u00e5 vet jag vad jag ska f\u00f6rv\u00e4nta mig f\u00f6r grobarhet. Tack sn\u00e4lla s\u00f6ta hj\u00e4lpredan f\u00f6r den h\u00e4r stunden &lt;3<\/p>\n\n\n\n<p><br><\/p>\n","protected":false},"excerpt":{"rendered":"<p>Lilla hj\u00e4lpredan somnade i s\u00e4ngen och det h\u00e4nder inte s\u00e5 ofta d\u00e5 vi ofta k\u00f6r f\u00f6rmiddagsluren i selen\/sjalen\/famnen hos mig och n\u00e4r det d\u00e5 h\u00e4nder att hon somnar sj\u00e4lv s\u00e4tter hj\u00e4rnan ig\u00e5ng och fundera p\u00e5 allt som kan hinnas g\u00f6ras &hellip; <a href=\"https:\/\/siby.se\/tweet\/blog\/2022\/07\/27\/mitt-frobibliotek\/\">Forts\u00e4tt l\u00e4sa <span class=\"meta-nav\">&rarr;<\/span><\/a><\/p>\n","protected":false},"author":1,"featured_media":0,"comment_status":"open","ping_status":"open","sticky":false,"template":"","format":"standard","meta":[],"categories":[21],"tags":[],"_links":{"self":[{"href":"https:\/\/siby.se\/tweet\/wp-json\/wp\/v2\/posts\/1702"}],"collection":[{"href":"https:\/\/siby.se\/tweet\/wp-json\/wp\/v2\/posts"}],"about":[{"href":"https:\/\/siby.se\/tweet\/wp-json\/wp\/v2\/types\/post"}],"author":[{"embeddable":true,"href":"https:\/\/siby.se\/tweet\/wp-json\/wp\/v2\/users\/1"}],"replies":[{"embeddable":true,"href":"https:\/\/siby.se\/tweet\/wp-json\/wp\/v2\/comments?post=1702"}],"version-history":[{"count":3,"href":"https:\/\/siby.se\/tweet\/wp-json\/wp\/v2\/posts\/1702\/revisions"}],"predecessor-version":[{"id":1705,"href":"https:\/\/siby.se\/tweet\/wp-json\/wp\/v2\/posts\/1702\/revisions\/1705"}],"wp:attachment":[{"href":"https:\/\/siby.se\/tweet\/wp-json\/wp\/v2\/media?parent=1702"}],"wp:term":[{"taxonomy":"category","embeddable":true,"href":"https:\/\/siby.se\/tweet\/wp-json\/wp\/v2\/categories?post=1702"},{"taxonomy":"post_tag","embeddable":true,"href":"https:\/\/siby.se\/tweet\/wp-json\/wp\/v2\/tags?post=1702"}],"curies":[{"name":"wp","href":"https:\/\/api.w.org\/{rel}","templated":true}]}}