{"id":172,"date":"2013-08-21T20:47:17","date_gmt":"2013-08-21T20:47:17","guid":{"rendered":"http:\/\/siby.se\/tweet\/?p=172"},"modified":"2013-08-21T20:47:17","modified_gmt":"2013-08-21T20:47:17","slug":"min-prinsessa","status":"publish","type":"post","link":"https:\/\/siby.se\/tweet\/blog\/2013\/08\/21\/min-prinsessa\/","title":{"rendered":"Min prinsessa"},"content":{"rendered":"<p><a href=\"http:\/\/siby.se\/tweet\/wp-content\/uploads\/2013\/06\/WP_000541.jpg\"><img loading=\"lazy\" class=\"alignnone size-full wp-image-79\" alt=\"WP_000541\" src=\"http:\/\/siby.se\/tweet\/wp-content\/uploads\/2013\/06\/WP_000541.jpg\" width=\"1632\" height=\"1224\" srcset=\"https:\/\/siby.se\/tweet\/wp-content\/uploads\/2013\/06\/WP_000541.jpg 1632w, https:\/\/siby.se\/tweet\/wp-content\/uploads\/2013\/06\/WP_000541-300x225.jpg 300w, https:\/\/siby.se\/tweet\/wp-content\/uploads\/2013\/06\/WP_000541-400x300.jpg 400w\" sizes=\"(max-width: 1632px) 100vw, 1632px\" \/><\/a><\/p>\n<p>Utan henne \u00e4r det sv\u00e5rt att f\u00e5 balans i livet, hon f\u00e5r mig att tycka om mig f\u00f6r den jag \u00e4r.<br \/>\nHon \u00e4r den som ser till att jag st\u00e5r p\u00e5 jorden och inte f\u00f6r f\u00f6r h\u00f6ga tankar om mig sj\u00e4lv<\/p>\n<p>&nbsp;<\/p>\n","protected":false},"excerpt":{"rendered":"<p>Utan henne \u00e4r det sv\u00e5rt att f\u00e5 balans i livet, hon f\u00e5r mig att tycka om mig f\u00f6r den jag \u00e4r. Hon \u00e4r den som ser till att jag st\u00e5r p\u00e5 jorden och inte f\u00f6r f\u00f6r h\u00f6ga tankar om mig &hellip; <a href=\"https:\/\/siby.se\/tweet\/blog\/2013\/08\/21\/min-prinsessa\/\">Forts\u00e4tt l\u00e4sa <span class=\"meta-nav\">&rarr;<\/span><\/a><\/p>\n","protected":false},"author":1,"featured_media":0,"comment_status":"open","ping_status":"open","sticky":false,"template":"","format":"standard","meta":[],"categories":[7],"tags":[],"_links":{"self":[{"href":"https:\/\/siby.se\/tweet\/wp-json\/wp\/v2\/posts\/172"}],"collection":[{"href":"https:\/\/siby.se\/tweet\/wp-json\/wp\/v2\/posts"}],"about":[{"href":"https:\/\/siby.se\/tweet\/wp-json\/wp\/v2\/types\/post"}],"author":[{"embeddable":true,"href":"https:\/\/siby.se\/tweet\/wp-json\/wp\/v2\/users\/1"}],"replies":[{"embeddable":true,"href":"https:\/\/siby.se\/tweet\/wp-json\/wp\/v2\/comments?post=172"}],"version-history":[{"count":1,"href":"https:\/\/siby.se\/tweet\/wp-json\/wp\/v2\/posts\/172\/revisions"}],"predecessor-version":[{"id":173,"href":"https:\/\/siby.se\/tweet\/wp-json\/wp\/v2\/posts\/172\/revisions\/173"}],"wp:attachment":[{"href":"https:\/\/siby.se\/tweet\/wp-json\/wp\/v2\/media?parent=172"}],"wp:term":[{"taxonomy":"category","embeddable":true,"href":"https:\/\/siby.se\/tweet\/wp-json\/wp\/v2\/categories?post=172"},{"taxonomy":"post_tag","embeddable":true,"href":"https:\/\/siby.se\/tweet\/wp-json\/wp\/v2\/tags?post=172"}],"curies":[{"name":"wp","href":"https:\/\/api.w.org\/{rel}","templated":true}]}}