{"id":179,"date":"2013-08-31T20:11:43","date_gmt":"2013-08-31T20:11:43","guid":{"rendered":"http:\/\/siby.se\/tweet\/?p=179"},"modified":"2013-08-31T20:13:04","modified_gmt":"2013-08-31T20:13:04","slug":"appelcidervinager","status":"publish","type":"post","link":"https:\/\/siby.se\/tweet\/blog\/2013\/08\/31\/appelcidervinager\/","title":{"rendered":"\u00c4ppelcidervin\u00e4ger"},"content":{"rendered":"<p>Allts\u00e5 jag har f\u00e5tt lite dille p\u00e5 \u00e4ppelcidervin\u00e4ger, jag har det i h\u00e5ret och i ansiktet. Sj\u00e4lvklart sp\u00e4der jag ut det r\u00e4tt ordentligt f\u00f6rst innan f\u00f6r annars luktar hela jag sur disktrasa. Jag st\u00e5r ut med det men inte mina medm\u00e4nniskor eller Bastian f\u00f6r den delen. Han flyr mig n\u00e4r jag baddat ansiktet med min \u00e4ppelcidervin\u00e4ger blandning.<\/p>\n<p>Vad tycker jag nu d\u00e5?<br \/>\nTill h\u00e5ret s\u00e5 \u00e4lskar jag det, min h\u00e5rbotten k\u00e4nns lite uppiggad efter\u00e5t och h\u00e5ret k\u00e4nns ocks\u00e5 mycket fr\u00e4schare. N\u00e4r det g\u00e4ller ansiktet \u00e4r jag positivt \u00f6verraskad. Jag anv\u00e4nder det som ansiktsvatten f\u00f6r att f\u00e5 bort smuts som \u00e4r sv\u00e5r att tv\u00e4tta bort. Min hud ballar inte ur och jag k\u00e4nner inte att kinderna h\u00e5ller p\u00e5 att krackelerar efter\u00e5t. MEN jag sm\u00f6rjer ansiktet efter varje s\u00e5dan tv\u00e4tt f\u00f6r att \u00e5terfukta det p\u00e5 b\u00e4sta s\u00e4tt. Det jag anv\u00e4nder d\u00e5 \u00e4r en dagcreme ifr\u00e5n LR Beauty.<\/p>\n<p><a href=\"http:\/\/siby.se\/tweet\/wp-content\/uploads\/2013\/08\/20014_1.jpg\"><img loading=\"lazy\" class=\"alignnone size-full wp-image-180\" alt=\"20014_1\" src=\"http:\/\/siby.se\/tweet\/wp-content\/uploads\/2013\/08\/20014_1.jpg\" width=\"500\" height=\"495\" srcset=\"https:\/\/siby.se\/tweet\/wp-content\/uploads\/2013\/08\/20014_1.jpg 500w, https:\/\/siby.se\/tweet\/wp-content\/uploads\/2013\/08\/20014_1-150x150.jpg 150w, https:\/\/siby.se\/tweet\/wp-content\/uploads\/2013\/08\/20014_1-300x297.jpg 300w, https:\/\/siby.se\/tweet\/wp-content\/uploads\/2013\/08\/20014_1-303x300.jpg 303w\" sizes=\"(max-width: 500px) 100vw, 500px\" \/><\/a><\/p>\n<p>Den h\u00e4r lilla burken \u00e4r det. Jag vet inte om den \u00e4r helt okej att anv\u00e4nda, ska l\u00e4sa n\u00e4rmare p\u00e5 dess inneh\u00e5llsf\u00f6rteckning men den \u00e4r paraben och mineraloljefri. P\u00e5 grund utav det v\u00e5gade jag g\u00f6ra ett f\u00f6rs\u00f6k. Jag \u00e4r s\u00e5 himla n\u00f6jd, den \u00e5terfuktar huden n\u00e5got helt otroligt och jag k\u00e4nner mig inte alls kladdig ett annat plus \u00e4r att den \u00e4r dryg. Priset jag fick pr\u00f6jsa var 249 peningar.<\/p>\n<p>\u00c4n s\u00e5 l\u00e4nge gillar jag kombon \u00c4ppelcidervin\u00e4gerblandningen + Aloe vera cremen Men jag m\u00e5ste l\u00e5ta det g\u00e5 4 veckor innan jag kan avg\u00f6ra saken f\u00f6r d\u00e5 har min hud vant sig med mina p\u00e5hitt<\/p>\n<p>&nbsp;<\/p>\n","protected":false},"excerpt":{"rendered":"<p>Allts\u00e5 jag har f\u00e5tt lite dille p\u00e5 \u00e4ppelcidervin\u00e4ger, jag har det i h\u00e5ret och i ansiktet. Sj\u00e4lvklart sp\u00e4der jag ut det r\u00e4tt ordentligt f\u00f6rst innan f\u00f6r annars luktar hela jag sur disktrasa. Jag st\u00e5r ut med det men inte mina &hellip; <a href=\"https:\/\/siby.se\/tweet\/blog\/2013\/08\/31\/appelcidervinager\/\">Forts\u00e4tt l\u00e4sa <span class=\"meta-nav\">&rarr;<\/span><\/a><\/p>\n","protected":false},"author":1,"featured_media":0,"comment_status":"open","ping_status":"open","sticky":false,"template":"","format":"standard","meta":[],"categories":[6],"tags":[],"_links":{"self":[{"href":"https:\/\/siby.se\/tweet\/wp-json\/wp\/v2\/posts\/179"}],"collection":[{"href":"https:\/\/siby.se\/tweet\/wp-json\/wp\/v2\/posts"}],"about":[{"href":"https:\/\/siby.se\/tweet\/wp-json\/wp\/v2\/types\/post"}],"author":[{"embeddable":true,"href":"https:\/\/siby.se\/tweet\/wp-json\/wp\/v2\/users\/1"}],"replies":[{"embeddable":true,"href":"https:\/\/siby.se\/tweet\/wp-json\/wp\/v2\/comments?post=179"}],"version-history":[{"count":2,"href":"https:\/\/siby.se\/tweet\/wp-json\/wp\/v2\/posts\/179\/revisions"}],"predecessor-version":[{"id":182,"href":"https:\/\/siby.se\/tweet\/wp-json\/wp\/v2\/posts\/179\/revisions\/182"}],"wp:attachment":[{"href":"https:\/\/siby.se\/tweet\/wp-json\/wp\/v2\/media?parent=179"}],"wp:term":[{"taxonomy":"category","embeddable":true,"href":"https:\/\/siby.se\/tweet\/wp-json\/wp\/v2\/categories?post=179"},{"taxonomy":"post_tag","embeddable":true,"href":"https:\/\/siby.se\/tweet\/wp-json\/wp\/v2\/tags?post=179"}],"curies":[{"name":"wp","href":"https:\/\/api.w.org\/{rel}","templated":true}]}}