{"id":197,"date":"2013-09-11T14:53:11","date_gmt":"2013-09-11T14:53:11","guid":{"rendered":"http:\/\/siby.se\/tweet\/?p=197"},"modified":"2013-09-11T14:53:11","modified_gmt":"2013-09-11T14:53:11","slug":"min-relation-till-mat","status":"publish","type":"post","link":"https:\/\/siby.se\/tweet\/blog\/2013\/09\/11\/min-relation-till-mat\/","title":{"rendered":"Min relation till mat"},"content":{"rendered":"<p>Var jag \u00e4n v\u00e4nder mig s\u00e5 kan jag l\u00e4sa, se och h\u00f6ra om m\u00e4nniskor som\u00a0lyckats med det ouppn\u00e5liga att hitta en balans i livet d\u00e4r de lyckats g\u00e5 ner till sin \u00f6nskade vikt och n\u00e4stan \u00e4ta vad de vill. Jag vill rycka mitt h\u00e5r och skrika av ren avundsjuka och frustration. Det \u00e4r en av mina h\u00f6gsta \u00f6nskningar \u00e4r att g\u00e5 ner till en vikt som f\u00e5r mig att k\u00e4nna mig helt okej utan att det k\u00e4nns som om jag g\u00e5r och b\u00e4r omkring p\u00e5 massa fluff som skumpar omkring p\u00e5 kroppen (v\u00e4lj valfritt omr\u00e5de). Jag har tvingat mig sj\u00e4lv att hitta ett m\u00e5l som ska sporra mig, vilket jag har gjort MEN \u00e4nd\u00e5 s\u00e5 sitter det d\u00e4r j\u00e4vla fluffet kvar. I HATE IT!!<\/p>\n<p>Det finns vissa minnen som gjort min relation till mat ganska anstr\u00e4ngd, f\u00f6r jag \u00e4lskar mat, speciellt laga den och bjuda p\u00e5. \u00c4ven att \u00e4ta s\u00e5 klart.<\/p>\n<p>Jag minns hur jag st\u00e4mt tr\u00e4ff med min handledare p\u00e5 gymnasiet (AKA. idrottsl\u00e4raren) f\u00f6r jag hade bett om hj\u00e4lp att f\u00f6rs\u00f6ka f\u00f6rst\u00e5 min relation till mat. Jag satt och f\u00f6rklarade hur jag inte kunde vara hungrig men \u00e4nd\u00e5 vr\u00e4ka i mig mat. Att jag inte k\u00e4nde hunger men \u00e4nd\u00e5 kunde \u00e4ta otr\u00f6stligt. Efter att jag pratat\u00a0i kanske 15 min om hur jobbigt jag upplevde det s\u00e5 tittar hon p\u00e5 mig och svarar:<br \/>\n&#8211; Martina det \u00e4r om\u00f6jligt att inte vara hungrig och vr\u00e4ka i dig mat. Helt om\u00f6jligt. Jag kan inte hj\u00e4lpa dig!<\/p>\n<p>N\u00e4r jag gick d\u00e4r ifr\u00e5n m\u00e5dde jag skit, jag hade \u00f6ppnat mig inf\u00f6r en person jag verkligen litade p\u00e5 och hon avf\u00e4rdade mig som en p\u00e5se skit. Jag kan s\u00e4ga att det samtalet gjorde ju inte relationen till mat b\u00e4ttre. Det gjorde ist\u00e4llet att jag aldrig v\u00e5gade prata om det. Tills nu f\u00f6r jag \u00e4r tr\u00f6tt p\u00e5 mitt s\u00e4tt att h\u00e5lla p\u00e5. J\u00e4vligt less faktiskt.<\/p>\n<p>Allt jag vill \u00e4r att lyckas hitta min balans d\u00e4r jag g\u00f6r mig av med fluffet och kan vara den d\u00e4r snygga, kurviga, lite l\u00e4tt mulliga kvinna jag \u00e4r. Ist\u00e4llt har jag f\u00e5tt en ofrivillig badring att b\u00e4ra p\u00e5.<\/p>\n<p>P\u00e5 \u00e5terseende mina k\u00e4ra!<\/p>\n","protected":false},"excerpt":{"rendered":"<p>Var jag \u00e4n v\u00e4nder mig s\u00e5 kan jag l\u00e4sa, se och h\u00f6ra om m\u00e4nniskor som\u00a0lyckats med det ouppn\u00e5liga att hitta en balans i livet d\u00e4r de lyckats g\u00e5 ner till sin \u00f6nskade vikt och n\u00e4stan \u00e4ta vad de vill. Jag &hellip; <a href=\"https:\/\/siby.se\/tweet\/blog\/2013\/09\/11\/min-relation-till-mat\/\">Forts\u00e4tt l\u00e4sa <span class=\"meta-nav\">&rarr;<\/span><\/a><\/p>\n","protected":false},"author":1,"featured_media":0,"comment_status":"open","ping_status":"open","sticky":false,"template":"","format":"standard","meta":[],"categories":[3],"tags":[],"_links":{"self":[{"href":"https:\/\/siby.se\/tweet\/wp-json\/wp\/v2\/posts\/197"}],"collection":[{"href":"https:\/\/siby.se\/tweet\/wp-json\/wp\/v2\/posts"}],"about":[{"href":"https:\/\/siby.se\/tweet\/wp-json\/wp\/v2\/types\/post"}],"author":[{"embeddable":true,"href":"https:\/\/siby.se\/tweet\/wp-json\/wp\/v2\/users\/1"}],"replies":[{"embeddable":true,"href":"https:\/\/siby.se\/tweet\/wp-json\/wp\/v2\/comments?post=197"}],"version-history":[{"count":1,"href":"https:\/\/siby.se\/tweet\/wp-json\/wp\/v2\/posts\/197\/revisions"}],"predecessor-version":[{"id":198,"href":"https:\/\/siby.se\/tweet\/wp-json\/wp\/v2\/posts\/197\/revisions\/198"}],"wp:attachment":[{"href":"https:\/\/siby.se\/tweet\/wp-json\/wp\/v2\/media?parent=197"}],"wp:term":[{"taxonomy":"category","embeddable":true,"href":"https:\/\/siby.se\/tweet\/wp-json\/wp\/v2\/categories?post=197"},{"taxonomy":"post_tag","embeddable":true,"href":"https:\/\/siby.se\/tweet\/wp-json\/wp\/v2\/tags?post=197"}],"curies":[{"name":"wp","href":"https:\/\/api.w.org\/{rel}","templated":true}]}}