{"id":207,"date":"2013-09-19T09:37:29","date_gmt":"2013-09-19T09:37:29","guid":{"rendered":"http:\/\/siby.se\/tweet\/?p=207"},"modified":"2013-09-19T09:38:33","modified_gmt":"2013-09-19T09:38:33","slug":"nar-det-du-byggt-upp-rasar-och-benen-orkar-inte-bara-dig-langre","status":"publish","type":"post","link":"https:\/\/siby.se\/tweet\/blog\/2013\/09\/19\/nar-det-du-byggt-upp-rasar-och-benen-orkar-inte-bara-dig-langre\/","title":{"rendered":"N\u00e4r det du byggt upp rasar och benen orkar inte b\u00e4ra dig l\u00e4ngre"},"content":{"rendered":"<p>Jag haft en gnagande k\u00e4nsla att jag borde kolla upp min \u00e4lskade guldklimp, min fina prinsessa. Jag ringde f\u00f6r en m\u00e5nad sedan och bokade in henne p\u00e5 h\u00e4lsokontroll samt att vi skulle tr\u00e4ffa deras equiterapeft. Det b\u00f6rjar med att vi g\u00f6r b\u00f6jprov och visar sig att Galina \u00e4r ofr\u00e4sch i sitt v\u00e4nstra fram &#8230; (crap)&#8230; men okej veterin\u00e4ren vill att vi skulle kolla p\u00e5 volt ocks\u00e5 innan vi s\u00e4ger n\u00e5got och jajemen lika ofr\u00e4sch p\u00e5 volt&#8230; det \u00e4r n\u00e5got fel p\u00e5 min h\u00e4st.<\/p>\n<p>innan vi fortsatte h\u00e4ltutredningen fick jag tr\u00e4ffa charlotta.. vilken fantastisk m\u00e4nniska. Galina \u00e4lskade henne direkt och carlotta fick jobba med alla l\u00e5sningar i hela galinas kropp. De jobbade verkligen i ett team. Jag stod bara och s\u00e5g p\u00e5 och f\u00f6rs\u00f6kte att inte tappa fattningen totalt.<br \/>\nDen behandlingen var framg\u00e5ngsrik och Galina var som p\u00e5nyttf\u00f6dd, glad och mysig.<\/p>\n<p>Tyv\u00e4rr skulle bara dagen g\u00e5 utf\u00f6r med resten&#8230; vi bed\u00f6vade hovled, kotled osv f\u00f6r att hitta h\u00e4ltan, vi r\u00f6ntgade och d\u00e4r BAM&#8230; vi hittade f\u00f6r\u00e4ndringar p\u00e5 b\u00e5da ringkotorna fram och progn\u00e5sen .. ja vete faaan&#8230; antingen funkar hon j\u00e4tte bra eller s\u00e5 m\u00e5ste jag ta bort henne. Jag trodde jag skulle svimma, n\u00e5got slog verkligen undan mina f\u00f6tter och jag orkar inte faktiskt att f\u00f6rs\u00f6ka se det positivt. Nu \u00e4r det vila som g\u00e4ller i 6 veckor tillsammans med metacam tv\u00e5 g\u00e5nger om dagen. F\u00f6r att sedan \u00e5ka p\u00e5 \u00e5terbes\u00f6k f\u00f6r att kolla om Galina \u00e4r h\u00e4ltfri..<\/p>\n<p>Imorse stog jag bara i boxen och bara undra hur fan detta ska sluta. Jag \u00e4r skitr\u00e4dd och j\u00e4tte ledsen. Just nu vill jag bara vara hemma och fundera p\u00e5 hur jag ska orkar h\u00e5lle ihop f\u00f6r Galinas skull och f\u00f6r min egen. Hur mycket lim ska jag beh\u00f6va anv\u00e4nda f\u00f6r att inte allt bara ska rasa. Vad ska jag s\u00e4ga, hur ska jag planera, om\u00f6jligt och helt pl\u00f6tsligt blev carpe diem ett mer levande uttryck \u00e4n jag tidigre k\u00e4nt.<\/p>\n<p>&nbsp;<\/p>\n","protected":false},"excerpt":{"rendered":"<p>Jag haft en gnagande k\u00e4nsla att jag borde kolla upp min \u00e4lskade guldklimp, min fina prinsessa. Jag ringde f\u00f6r en m\u00e5nad sedan och bokade in henne p\u00e5 h\u00e4lsokontroll samt att vi skulle tr\u00e4ffa deras equiterapeft. Det b\u00f6rjar med att vi &hellip; <a href=\"https:\/\/siby.se\/tweet\/blog\/2013\/09\/19\/nar-det-du-byggt-upp-rasar-och-benen-orkar-inte-bara-dig-langre\/\">Forts\u00e4tt l\u00e4sa <span class=\"meta-nav\">&rarr;<\/span><\/a><\/p>\n","protected":false},"author":1,"featured_media":0,"comment_status":"open","ping_status":"open","sticky":false,"template":"","format":"standard","meta":[],"categories":[3],"tags":[],"_links":{"self":[{"href":"https:\/\/siby.se\/tweet\/wp-json\/wp\/v2\/posts\/207"}],"collection":[{"href":"https:\/\/siby.se\/tweet\/wp-json\/wp\/v2\/posts"}],"about":[{"href":"https:\/\/siby.se\/tweet\/wp-json\/wp\/v2\/types\/post"}],"author":[{"embeddable":true,"href":"https:\/\/siby.se\/tweet\/wp-json\/wp\/v2\/users\/1"}],"replies":[{"embeddable":true,"href":"https:\/\/siby.se\/tweet\/wp-json\/wp\/v2\/comments?post=207"}],"version-history":[{"count":3,"href":"https:\/\/siby.se\/tweet\/wp-json\/wp\/v2\/posts\/207\/revisions"}],"predecessor-version":[{"id":210,"href":"https:\/\/siby.se\/tweet\/wp-json\/wp\/v2\/posts\/207\/revisions\/210"}],"wp:attachment":[{"href":"https:\/\/siby.se\/tweet\/wp-json\/wp\/v2\/media?parent=207"}],"wp:term":[{"taxonomy":"category","embeddable":true,"href":"https:\/\/siby.se\/tweet\/wp-json\/wp\/v2\/categories?post=207"},{"taxonomy":"post_tag","embeddable":true,"href":"https:\/\/siby.se\/tweet\/wp-json\/wp\/v2\/tags?post=207"}],"curies":[{"name":"wp","href":"https:\/\/api.w.org\/{rel}","templated":true}]}}