{"id":212,"date":"2013-09-24T14:40:44","date_gmt":"2013-09-24T14:40:44","guid":{"rendered":"http:\/\/siby.se\/tweet\/?p=212"},"modified":"2013-09-24T14:41:52","modified_gmt":"2013-09-24T14:41:52","slug":"till-slut-tar-tararna-slut-och-besluten-valjs","status":"publish","type":"post","link":"https:\/\/siby.se\/tweet\/blog\/2013\/09\/24\/till-slut-tar-tararna-slut-och-besluten-valjs\/","title":{"rendered":"Till slut tar t\u00e5rarna slut och besluten v\u00e4ljs"},"content":{"rendered":"<p>I mitt tidigare inl\u00e4gg och min underbara r\u00f6da prinsessa s\u00e5 har jag nu f\u00e5tt gr\u00e5ta mina t\u00e5rar, vr\u00e5lat ut mina bannor och tyckt synd om mig sj\u00e4lv tillr\u00e4ckligt. Ingen blir lyckligare f\u00f6r att jag v\u00e4ljer att g\u00e5 med ett gr\u00e5tt moln omkring mig. Jag har lite f\u00f6r mycket att leva f\u00f6r, f\u00f6r att v\u00e4lja den enkla v\u00e4gen&#8230; s\u00e5 nu t\u00e4nker jag ist\u00e4llet planera och dokumentera Galinas rehabilitering fr\u00e5n nu med en paus om 5 veckor fram till sista december.<\/p>\n<p>S\u00e5 jag kommer helt enkelt bara ber\u00e4tta hur jag och Galina trampar den l\u00e5nga v\u00e4gen tillbaka till det vinnande teamet och f\u00f6rhoppnings fullf\u00f6lja m\u00e5let som vi satte ut, att rida i alla g\u00e5ngarter utan tr\u00e4ns och sadel. Som vi tr\u00e4nade p\u00e5 innan vi fick en omv\u00e4g att traska f\u00f6rst.<\/p>\n<p>Min plan var att l\u00e5ta Galina vila en vecka f\u00f6r att ge henne tid att hitta sin nya roll med ett lugnare tempe.. men som suss hade sagt -k\u00f6ss mig i r\u00f6ven! S\u00e5 bra gick det s\u00e5 vi har b\u00f6rja promenera 20 min om dagen f\u00f6r at succsessivt \u00f6ka detta till max 60 minuter. Sen t\u00e4nker jag inom ganska snar framtid sitta upp och rida v\u00e4ldigt f\u00f6rsiktigt p\u00e5 banan f\u00f6r att hon inte ska balla ur totalt.<\/p>\n<p>Jag vill inte f\u00e4lla mer t\u00e5rar men det kommer jag att g\u00f6ra, Galina g\u00f6r mig i m\u00e5ngt och mycket fullkomlig. Samma hum\u00f6r och samma personlighet. Jag \u00e4lskar henne f\u00f6r den hon \u00e4r, hur arg och kinkig hon \u00e4n kan bli. F\u00f6r n\u00e4r vi stod d\u00e4r p\u00e5 r\u00f6ntgen, utan lugnande och utan hj\u00e4lp s\u00e5 var vi ett hon f\u00f6ljde och litade p\u00e5 mig. Det \u00e4r ett \u00f6gonblick jag inte gl\u00f6mmer hur vi stod d\u00e4r ensamma i m\u00f6rket och energin fl\u00f6dade mellan oss. Det \u00e4r sv\u00e5rt att beskriva men allt runt omkring slutade existera och det var 10 minter bara f\u00f6r oss.<\/p>\n","protected":false},"excerpt":{"rendered":"<p>I mitt tidigare inl\u00e4gg och min underbara r\u00f6da prinsessa s\u00e5 har jag nu f\u00e5tt gr\u00e5ta mina t\u00e5rar, vr\u00e5lat ut mina bannor och tyckt synd om mig sj\u00e4lv tillr\u00e4ckligt. Ingen blir lyckligare f\u00f6r att jag v\u00e4ljer att g\u00e5 med ett gr\u00e5tt &hellip; <a href=\"https:\/\/siby.se\/tweet\/blog\/2013\/09\/24\/till-slut-tar-tararna-slut-och-besluten-valjs\/\">Forts\u00e4tt l\u00e4sa <span class=\"meta-nav\">&rarr;<\/span><\/a><\/p>\n","protected":false},"author":1,"featured_media":0,"comment_status":"open","ping_status":"open","sticky":false,"template":"","format":"standard","meta":[],"categories":[4],"tags":[],"_links":{"self":[{"href":"https:\/\/siby.se\/tweet\/wp-json\/wp\/v2\/posts\/212"}],"collection":[{"href":"https:\/\/siby.se\/tweet\/wp-json\/wp\/v2\/posts"}],"about":[{"href":"https:\/\/siby.se\/tweet\/wp-json\/wp\/v2\/types\/post"}],"author":[{"embeddable":true,"href":"https:\/\/siby.se\/tweet\/wp-json\/wp\/v2\/users\/1"}],"replies":[{"embeddable":true,"href":"https:\/\/siby.se\/tweet\/wp-json\/wp\/v2\/comments?post=212"}],"version-history":[{"count":2,"href":"https:\/\/siby.se\/tweet\/wp-json\/wp\/v2\/posts\/212\/revisions"}],"predecessor-version":[{"id":214,"href":"https:\/\/siby.se\/tweet\/wp-json\/wp\/v2\/posts\/212\/revisions\/214"}],"wp:attachment":[{"href":"https:\/\/siby.se\/tweet\/wp-json\/wp\/v2\/media?parent=212"}],"wp:term":[{"taxonomy":"category","embeddable":true,"href":"https:\/\/siby.se\/tweet\/wp-json\/wp\/v2\/categories?post=212"},{"taxonomy":"post_tag","embeddable":true,"href":"https:\/\/siby.se\/tweet\/wp-json\/wp\/v2\/tags?post=212"}],"curies":[{"name":"wp","href":"https:\/\/api.w.org\/{rel}","templated":true}]}}