{"id":217,"date":"2013-10-01T19:01:08","date_gmt":"2013-10-01T19:01:08","guid":{"rendered":"http:\/\/siby.se\/tweet\/?p=217"},"modified":"2013-10-01T19:01:08","modified_gmt":"2013-10-01T19:01:08","slug":"jag-startade-den-gamla","status":"publish","type":"post","link":"https:\/\/siby.se\/tweet\/blog\/2013\/10\/01\/jag-startade-den-gamla\/","title":{"rendered":"Jag startade den gamla"},"content":{"rendered":"<p>Idag satte jag mig ner med min gamla dator och startade den, hittade en mapp &#8221;inspiration&#8221;. H\u00e4r har jag samlat bilder som ger mig olika k\u00e4nslor och \u00e5h vad jag saknat att sitta och surfa f\u00f6r att leta efter bilder, meningar, citat eller sidor som jag g\u00e5r ig\u00e5ng p\u00e5. D\u00e4r en tanke v\u00e4cks och jag f\u00e5r ett rus och jag \u00e4r ett med v\u00e4rlden. V\u00e4lkommen rus f\u00f6r jag har saknat dig i min s\u00f6mniga v\u00e4rld. Nu sitter jag h\u00e4r surfar och lyssnar p\u00e5 Lars Winnerb\u00e4ck precis s\u00e5 som det ska vara. S\u00c5 som det var n\u00e4r jag tr\u00e4ffade dig, d\u00e5 sorg, ilska och hoppl\u00f6s k\u00e4rlek blandades. N\u00e4r kyla m\u00f6ter v\u00e4rme, n\u00e4r allt k\u00e4nns f\u00f6r hett att ta i. \u00c5H vad jag har saknat att k\u00e4nna s\u00e5 h\u00e4r.<\/p>\n<p>Ge mig mer, jag hungrar och k\u00e4nner hur h\u00e5ren p\u00e5 min arm reser sig. Jag gl\u00f6mmer att k\u00e4nna, jag gl\u00f6mmer att gl\u00e4nta p\u00e5 d\u00f6rren.<\/p>\n<p>H\u00e5ll om mig som om morgondagen aldrig kommer, h\u00e5ll om mig i m\u00f6rkret till t\u00e5rarna torkat, h\u00e5ll om mig och viska att allting blir bra. M\u00f6rker jag v\u00e4lkomnar dig, h\u00e5ll om mig tryggt och ge mig morgondagen. Ge mig det jag suktar efter mest en morgondag att <em>leva<\/em> f\u00f6r.<\/p>\n<p><a href=\"http:\/\/siby.se\/tweet\/wp-content\/uploads\/2013\/10\/k\u00e4rlek.jpg\"><img loading=\"lazy\" class=\"size-full wp-image-218 aligncenter\" alt=\"k\u00e4rlek\" src=\"http:\/\/siby.se\/tweet\/wp-content\/uploads\/2013\/10\/k\u00e4rlek.jpg\" width=\"280\" height=\"420\" srcset=\"https:\/\/siby.se\/tweet\/wp-content\/uploads\/2013\/10\/k\u00e4rlek.jpg 280w, https:\/\/siby.se\/tweet\/wp-content\/uploads\/2013\/10\/k\u00e4rlek-200x300.jpg 200w\" sizes=\"(max-width: 280px) 100vw, 280px\" \/><\/a><\/p>\n","protected":false},"excerpt":{"rendered":"<p>Idag satte jag mig ner med min gamla dator och startade den, hittade en mapp &#8221;inspiration&#8221;. H\u00e4r har jag samlat bilder som ger mig olika k\u00e4nslor och \u00e5h vad jag saknat att sitta och surfa f\u00f6r att leta efter bilder, &hellip; <a href=\"https:\/\/siby.se\/tweet\/blog\/2013\/10\/01\/jag-startade-den-gamla\/\">Forts\u00e4tt l\u00e4sa <span class=\"meta-nav\">&rarr;<\/span><\/a><\/p>\n","protected":false},"author":1,"featured_media":0,"comment_status":"open","ping_status":"open","sticky":false,"template":"","format":"standard","meta":[],"categories":[3],"tags":[],"_links":{"self":[{"href":"https:\/\/siby.se\/tweet\/wp-json\/wp\/v2\/posts\/217"}],"collection":[{"href":"https:\/\/siby.se\/tweet\/wp-json\/wp\/v2\/posts"}],"about":[{"href":"https:\/\/siby.se\/tweet\/wp-json\/wp\/v2\/types\/post"}],"author":[{"embeddable":true,"href":"https:\/\/siby.se\/tweet\/wp-json\/wp\/v2\/users\/1"}],"replies":[{"embeddable":true,"href":"https:\/\/siby.se\/tweet\/wp-json\/wp\/v2\/comments?post=217"}],"version-history":[{"count":1,"href":"https:\/\/siby.se\/tweet\/wp-json\/wp\/v2\/posts\/217\/revisions"}],"predecessor-version":[{"id":219,"href":"https:\/\/siby.se\/tweet\/wp-json\/wp\/v2\/posts\/217\/revisions\/219"}],"wp:attachment":[{"href":"https:\/\/siby.se\/tweet\/wp-json\/wp\/v2\/media?parent=217"}],"wp:term":[{"taxonomy":"category","embeddable":true,"href":"https:\/\/siby.se\/tweet\/wp-json\/wp\/v2\/categories?post=217"},{"taxonomy":"post_tag","embeddable":true,"href":"https:\/\/siby.se\/tweet\/wp-json\/wp\/v2\/tags?post=217"}],"curies":[{"name":"wp","href":"https:\/\/api.w.org\/{rel}","templated":true}]}}