{"id":224,"date":"2013-10-05T11:54:37","date_gmt":"2013-10-05T11:54:37","guid":{"rendered":"http:\/\/siby.se\/tweet\/?p=224"},"modified":"2013-10-05T11:54:37","modified_gmt":"2013-10-05T11:54:37","slug":"trott-och-saknar-min-oas-dar-jag-far-vara","status":"publish","type":"post","link":"https:\/\/siby.se\/tweet\/blog\/2013\/10\/05\/trott-och-saknar-min-oas-dar-jag-far-vara\/","title":{"rendered":"Tr\u00f6tt och saknar min oas d\u00e4r jag f\u00e5r vara"},"content":{"rendered":"<p><a href=\"http:\/\/siby.se\/tweet\/wp-content\/uploads\/2013\/06\/IMG_8579-Kopia.jpg\"><img loading=\"lazy\" class=\"alignnone size-full wp-image-83\" alt=\"IMG_8579 - Kopia\" src=\"http:\/\/siby.se\/tweet\/wp-content\/uploads\/2013\/06\/IMG_8579-Kopia.jpg\" width=\"1709\" height=\"1139\" srcset=\"https:\/\/siby.se\/tweet\/wp-content\/uploads\/2013\/06\/IMG_8579-Kopia.jpg 1709w, https:\/\/siby.se\/tweet\/wp-content\/uploads\/2013\/06\/IMG_8579-Kopia-300x199.jpg 300w, https:\/\/siby.se\/tweet\/wp-content\/uploads\/2013\/06\/IMG_8579-Kopia-450x300.jpg 450w\" sizes=\"(max-width: 1709px) 100vw, 1709px\" \/><\/a><\/p>\n","protected":false},"excerpt":{"rendered":"","protected":false},"author":1,"featured_media":0,"comment_status":"open","ping_status":"open","sticky":false,"template":"","format":"standard","meta":[],"categories":[1],"tags":[],"_links":{"self":[{"href":"https:\/\/siby.se\/tweet\/wp-json\/wp\/v2\/posts\/224"}],"collection":[{"href":"https:\/\/siby.se\/tweet\/wp-json\/wp\/v2\/posts"}],"about":[{"href":"https:\/\/siby.se\/tweet\/wp-json\/wp\/v2\/types\/post"}],"author":[{"embeddable":true,"href":"https:\/\/siby.se\/tweet\/wp-json\/wp\/v2\/users\/1"}],"replies":[{"embeddable":true,"href":"https:\/\/siby.se\/tweet\/wp-json\/wp\/v2\/comments?post=224"}],"version-history":[{"count":1,"href":"https:\/\/siby.se\/tweet\/wp-json\/wp\/v2\/posts\/224\/revisions"}],"predecessor-version":[{"id":225,"href":"https:\/\/siby.se\/tweet\/wp-json\/wp\/v2\/posts\/224\/revisions\/225"}],"wp:attachment":[{"href":"https:\/\/siby.se\/tweet\/wp-json\/wp\/v2\/media?parent=224"}],"wp:term":[{"taxonomy":"category","embeddable":true,"href":"https:\/\/siby.se\/tweet\/wp-json\/wp\/v2\/categories?post=224"},{"taxonomy":"post_tag","embeddable":true,"href":"https:\/\/siby.se\/tweet\/wp-json\/wp\/v2\/tags?post=224"}],"curies":[{"name":"wp","href":"https:\/\/api.w.org\/{rel}","templated":true}]}}