{"id":230,"date":"2013-10-09T20:45:56","date_gmt":"2013-10-09T20:45:56","guid":{"rendered":"http:\/\/siby.se\/tweet\/?p=230"},"modified":"2013-10-09T20:45:56","modified_gmt":"2013-10-09T20:45:56","slug":"vad-vore-jag-med-mindre-somn","status":"publish","type":"post","link":"https:\/\/siby.se\/tweet\/blog\/2013\/10\/09\/vad-vore-jag-med-mindre-somn\/","title":{"rendered":"Vad vore jag med mindre s\u00f6mn?!?"},"content":{"rendered":"<p>Allts\u00e5 hall\u00e5 och ett urs\u00e4kt innan jag ens \u00f6ppnas kakluckan f\u00f6r att s\u00e4ga det jag just nu t\u00e4nker p\u00e5 men jag kan emellan\u00e5t bli lite avis p\u00e5 de som kan vara vakna l\u00e4nge, l\u00e5ngt in p\u00e5 natten. De sitter och filar p\u00e5 en vacker text eller spelar p\u00e5 sin konsoll eller bakar br\u00f6d som inte f\u00e5r plats i frysen. Allts\u00e5 jag vill ha ork att st\u00e4lla mig och baka de d\u00e4r bullarna eller sy den d\u00e4r kl\u00e4nningen s\u00e5 d\u00e4r efter jag gjort stallet och druckit min kopp te&#8230; men nej jag har s\u00e4llan energi till det utan stupar i s\u00e4ng s\u00e5 fort brummel ger mig blicken och vi g\u00e5r och grisar under t\u00e4cket men varf\u00f6r vill jag d\u00e5 s\u00e5 g\u00e4rna h\u00e4nga uppe p\u00e5 n\u00e4tterna?<\/p>\n<p>Kan h\u00e4nda att jag skulle vilja anv\u00e4nda mina timmar annorlunda men en sak jag vet inte om jag egentligen tycker att det \u00e4r v\u00e4rt att byta bort min s\u00f6mn till 13 pl\u00e5tar bullar j\u00e4mt men kanske n\u00e5gong\u00e5ng&#8230;<\/p>\n<p>&nbsp;<\/p>\n","protected":false},"excerpt":{"rendered":"<p>Allts\u00e5 hall\u00e5 och ett urs\u00e4kt innan jag ens \u00f6ppnas kakluckan f\u00f6r att s\u00e4ga det jag just nu t\u00e4nker p\u00e5 men jag kan emellan\u00e5t bli lite avis p\u00e5 de som kan vara vakna l\u00e4nge, l\u00e5ngt in p\u00e5 natten. De sitter och &hellip; <a href=\"https:\/\/siby.se\/tweet\/blog\/2013\/10\/09\/vad-vore-jag-med-mindre-somn\/\">Forts\u00e4tt l\u00e4sa <span class=\"meta-nav\">&rarr;<\/span><\/a><\/p>\n","protected":false},"author":1,"featured_media":0,"comment_status":"open","ping_status":"open","sticky":false,"template":"","format":"standard","meta":[],"categories":[3],"tags":[],"_links":{"self":[{"href":"https:\/\/siby.se\/tweet\/wp-json\/wp\/v2\/posts\/230"}],"collection":[{"href":"https:\/\/siby.se\/tweet\/wp-json\/wp\/v2\/posts"}],"about":[{"href":"https:\/\/siby.se\/tweet\/wp-json\/wp\/v2\/types\/post"}],"author":[{"embeddable":true,"href":"https:\/\/siby.se\/tweet\/wp-json\/wp\/v2\/users\/1"}],"replies":[{"embeddable":true,"href":"https:\/\/siby.se\/tweet\/wp-json\/wp\/v2\/comments?post=230"}],"version-history":[{"count":1,"href":"https:\/\/siby.se\/tweet\/wp-json\/wp\/v2\/posts\/230\/revisions"}],"predecessor-version":[{"id":231,"href":"https:\/\/siby.se\/tweet\/wp-json\/wp\/v2\/posts\/230\/revisions\/231"}],"wp:attachment":[{"href":"https:\/\/siby.se\/tweet\/wp-json\/wp\/v2\/media?parent=230"}],"wp:term":[{"taxonomy":"category","embeddable":true,"href":"https:\/\/siby.se\/tweet\/wp-json\/wp\/v2\/categories?post=230"},{"taxonomy":"post_tag","embeddable":true,"href":"https:\/\/siby.se\/tweet\/wp-json\/wp\/v2\/tags?post=230"}],"curies":[{"name":"wp","href":"https:\/\/api.w.org\/{rel}","templated":true}]}}