{"id":239,"date":"2013-10-18T14:42:03","date_gmt":"2013-10-18T14:42:03","guid":{"rendered":"http:\/\/siby.se\/tweet\/?p=239"},"modified":"2013-10-18T14:47:44","modified_gmt":"2013-10-18T14:47:44","slug":"jag-gillar-hosten","status":"publish","type":"post","link":"https:\/\/siby.se\/tweet\/blog\/2013\/10\/18\/jag-gillar-hosten\/","title":{"rendered":"Jag gillar h\u00f6sten"},"content":{"rendered":"<p>V\u00e5ren och h\u00f6sten \u00e4r de \u00e5rstider jag \u00e4r absolut mest f\u00f6r\u00e4lskad i, luften \u00e4r h\u00f6g, tr\u00e4den f\u00e5r nya f\u00e4ger, solen k\u00e4nns mer v\u00e4lkomnad \u00e4n n\u00e5gonson och jag f\u00e5r en s\u00e5n d\u00e4r pirrande k\u00e4nsla i magen. Det spritter lite i mig varje g\u00e5ng jag bara sitter och t\u00e4nker p\u00e5 vad fantastikt det \u00e4r d\u00e4r ute. Dessutom tog jag reda p\u00e5 hur m\u00e5nga semester dagar jag har och det visade sig att det var hela sju stycken. Inom ganska snar framtid kommer jag ta h\u00f6stledigt f\u00f6r att hinna med lite projekt som jag VELAT G\u00d6RA SJUKT l\u00e4nge men jag \u00e4r f\u00f6r lat f\u00f6r att komma ig\u00e5ng men snart s\u00e5\u00a0kanske jag kan p\u00e5b\u00f6rja n\u00e5got av dem<a href=\"http:\/\/siby.se\/tweet\/wp-content\/uploads\/2013\/10\/IMG_20131014_082419.jpg\"><img loading=\"lazy\" class=\"alignnone size-full wp-image-240\" alt=\"IMG_20131014_082419\" src=\"http:\/\/siby.se\/tweet\/wp-content\/uploads\/2013\/10\/IMG_20131014_082419.jpg\" width=\"1080\" height=\"1440\" srcset=\"https:\/\/siby.se\/tweet\/wp-content\/uploads\/2013\/10\/IMG_20131014_082419.jpg 1080w, https:\/\/siby.se\/tweet\/wp-content\/uploads\/2013\/10\/IMG_20131014_082419-225x300.jpg 225w\" sizes=\"(max-width: 1080px) 100vw, 1080px\" \/><\/a><\/p>\n","protected":false},"excerpt":{"rendered":"<p>V\u00e5ren och h\u00f6sten \u00e4r de \u00e5rstider jag \u00e4r absolut mest f\u00f6r\u00e4lskad i, luften \u00e4r h\u00f6g, tr\u00e4den f\u00e5r nya f\u00e4ger, solen k\u00e4nns mer v\u00e4lkomnad \u00e4n n\u00e5gonson och jag f\u00e5r en s\u00e5n d\u00e4r pirrande k\u00e4nsla i magen. Det spritter lite i mig &hellip; <a href=\"https:\/\/siby.se\/tweet\/blog\/2013\/10\/18\/jag-gillar-hosten\/\">Forts\u00e4tt l\u00e4sa <span class=\"meta-nav\">&rarr;<\/span><\/a><\/p>\n","protected":false},"author":1,"featured_media":0,"comment_status":"open","ping_status":"open","sticky":false,"template":"","format":"standard","meta":[],"categories":[1],"tags":[],"_links":{"self":[{"href":"https:\/\/siby.se\/tweet\/wp-json\/wp\/v2\/posts\/239"}],"collection":[{"href":"https:\/\/siby.se\/tweet\/wp-json\/wp\/v2\/posts"}],"about":[{"href":"https:\/\/siby.se\/tweet\/wp-json\/wp\/v2\/types\/post"}],"author":[{"embeddable":true,"href":"https:\/\/siby.se\/tweet\/wp-json\/wp\/v2\/users\/1"}],"replies":[{"embeddable":true,"href":"https:\/\/siby.se\/tweet\/wp-json\/wp\/v2\/comments?post=239"}],"version-history":[{"count":5,"href":"https:\/\/siby.se\/tweet\/wp-json\/wp\/v2\/posts\/239\/revisions"}],"predecessor-version":[{"id":245,"href":"https:\/\/siby.se\/tweet\/wp-json\/wp\/v2\/posts\/239\/revisions\/245"}],"wp:attachment":[{"href":"https:\/\/siby.se\/tweet\/wp-json\/wp\/v2\/media?parent=239"}],"wp:term":[{"taxonomy":"category","embeddable":true,"href":"https:\/\/siby.se\/tweet\/wp-json\/wp\/v2\/categories?post=239"},{"taxonomy":"post_tag","embeddable":true,"href":"https:\/\/siby.se\/tweet\/wp-json\/wp\/v2\/tags?post=239"}],"curies":[{"name":"wp","href":"https:\/\/api.w.org\/{rel}","templated":true}]}}