{"id":247,"date":"2013-11-01T07:06:19","date_gmt":"2013-11-01T07:06:19","guid":{"rendered":"http:\/\/siby.se\/tweet\/?p=247"},"modified":"2013-11-01T07:24:30","modified_gmt":"2013-11-01T07:24:30","slug":"before-and-after","status":"publish","type":"post","link":"https:\/\/siby.se\/tweet\/blog\/2013\/11\/01\/before-and-after\/","title":{"rendered":"Before and after?!?"},"content":{"rendered":"<p>Ig\u00e5r tog jag ytterligare ett kort p\u00e5 mig innan en l\u00f6prunda f\u00f6r att jag skulle kunna se om det \u00e4r n\u00e5gon skillnad.<\/p>\n<p><a href=\"http:\/\/siby.se\/tweet\/wp-content\/uploads\/2013\/07\/WP_000588.jpg\"><img loading=\"lazy\" class=\"alignnone size-full wp-image-112\" alt=\"WP_000588\" src=\"http:\/\/siby.se\/tweet\/wp-content\/uploads\/2013\/07\/WP_000588.jpg\" width=\"1224\" height=\"1632\" srcset=\"https:\/\/siby.se\/tweet\/wp-content\/uploads\/2013\/07\/WP_000588.jpg 1224w, https:\/\/siby.se\/tweet\/wp-content\/uploads\/2013\/07\/WP_000588-225x300.jpg 225w\" sizes=\"(max-width: 1224px) 100vw, 1224px\" \/><\/a>Det h\u00e4r \u00e4r jag i b\u00f6rjan av juni, har d\u00e5 h\u00e5llt p\u00e5 i ca 1 m\u00e5nad med l\u00f6pning<\/p>\n<p><a href=\"http:\/\/siby.se\/tweet\/wp-content\/uploads\/2013\/11\/20131031_073808.jpg\"><img loading=\"lazy\" class=\"alignnone size-full wp-image-248\" alt=\"20131031_073808\" src=\"http:\/\/siby.se\/tweet\/wp-content\/uploads\/2013\/11\/20131031_073808.jpg\" width=\"2322\" height=\"4128\" srcset=\"https:\/\/siby.se\/tweet\/wp-content\/uploads\/2013\/11\/20131031_073808.jpg 2322w, https:\/\/siby.se\/tweet\/wp-content\/uploads\/2013\/11\/20131031_073808-168x300.jpg 168w\" sizes=\"(max-width: 2322px) 100vw, 2322px\" \/><\/a>Och s\u00e5 h\u00e4r ser jag ut nu efter 5 m\u00e5naders l\u00f6pning och ja jag ser en skillnad. En annan skillnad \u00e4r att p\u00e5 det f\u00f6rsta kortet klarade jag knappt av att springa 2,5 km utan att andas ur lungorna medans den nedre \u00e4r precis innan jag klarar 7 km p\u00e5 42 minuter. Jag \u00e4r stolt \u00f6ver utvecklingen. Mina kn\u00e4n h\u00e5ller, fotlederna funkar och \u00e4n s\u00e5 l\u00e4nge g\u00f6r inte f\u00f6tterna ont (efter m\u00e5nga bes\u00f6k av h\u00e4stars hovar p\u00e5 ovansidan ger en del men helt enkelt)<\/p>\n<p>p\u00e5 s\u00f6ndag ska jag och Hel\u00e9ne k\u00f6ra milen, jag \u00e4r f\u00f6rv\u00e4ntansfull!<\/p>\n<p>Sen t\u00e4nkte jag nog trycka en texta p\u00e5 tr\u00f6jan jag ska ha p\u00e5 g\u00f6teborgsvarvet, n\u00e5got i stil med FUCK FLUFF!! eller ja jag vet inte men n\u00e5gonting iafl<\/p>\n","protected":false},"excerpt":{"rendered":"<p>Ig\u00e5r tog jag ytterligare ett kort p\u00e5 mig innan en l\u00f6prunda f\u00f6r att jag skulle kunna se om det \u00e4r n\u00e5gon skillnad. Det h\u00e4r \u00e4r jag i b\u00f6rjan av juni, har d\u00e5 h\u00e5llt p\u00e5 i ca 1 m\u00e5nad med l\u00f6pning &hellip; <a href=\"https:\/\/siby.se\/tweet\/blog\/2013\/11\/01\/before-and-after\/\">Forts\u00e4tt l\u00e4sa <span class=\"meta-nav\">&rarr;<\/span><\/a><\/p>\n","protected":false},"author":1,"featured_media":0,"comment_status":"open","ping_status":"open","sticky":false,"template":"","format":"standard","meta":[],"categories":[3],"tags":[],"_links":{"self":[{"href":"https:\/\/siby.se\/tweet\/wp-json\/wp\/v2\/posts\/247"}],"collection":[{"href":"https:\/\/siby.se\/tweet\/wp-json\/wp\/v2\/posts"}],"about":[{"href":"https:\/\/siby.se\/tweet\/wp-json\/wp\/v2\/types\/post"}],"author":[{"embeddable":true,"href":"https:\/\/siby.se\/tweet\/wp-json\/wp\/v2\/users\/1"}],"replies":[{"embeddable":true,"href":"https:\/\/siby.se\/tweet\/wp-json\/wp\/v2\/comments?post=247"}],"version-history":[{"count":3,"href":"https:\/\/siby.se\/tweet\/wp-json\/wp\/v2\/posts\/247\/revisions"}],"predecessor-version":[{"id":256,"href":"https:\/\/siby.se\/tweet\/wp-json\/wp\/v2\/posts\/247\/revisions\/256"}],"wp:attachment":[{"href":"https:\/\/siby.se\/tweet\/wp-json\/wp\/v2\/media?parent=247"}],"wp:term":[{"taxonomy":"category","embeddable":true,"href":"https:\/\/siby.se\/tweet\/wp-json\/wp\/v2\/categories?post=247"},{"taxonomy":"post_tag","embeddable":true,"href":"https:\/\/siby.se\/tweet\/wp-json\/wp\/v2\/tags?post=247"}],"curies":[{"name":"wp","href":"https:\/\/api.w.org\/{rel}","templated":true}]}}