{"id":260,"date":"2013-11-07T15:27:43","date_gmt":"2013-11-07T15:27:43","guid":{"rendered":"http:\/\/siby.se\/tweet\/?p=260"},"modified":"2013-11-07T15:28:19","modified_gmt":"2013-11-07T15:28:19","slug":"att-blunda-for-sjalen-och-le-mot-kroppen","status":"publish","type":"post","link":"https:\/\/siby.se\/tweet\/blog\/2013\/11\/07\/att-blunda-for-sjalen-och-le-mot-kroppen\/","title":{"rendered":"Att blunda f\u00f6r sj\u00e4len och le mot kroppen"},"content":{"rendered":"<p>Jag ler mot mig sj\u00e4lv, min kropp och min k\u00e4mpargl\u00f6d, att forts\u00e4tta peppa mig att inte sluta. Att\u00a0orka h\u00e5lla p\u00e5 och se hur det p\u00e5verkar mig. Men jag blundar f\u00f6r tankarna, de som snurrar runt inom mig som emellan\u00e5t tar s\u00e5n himla fart att det \u00e4r sv\u00e5rt att h\u00e5lla dem innanf\u00f6r mig. Jag\u00a0har ingen lust att b\u00f6rja analysera, det jag\u00a0har lust med\u00a0\u00e4r att s\u00e4tta mig p\u00e5 en sten i skogen med en termos och bara sitta d\u00e4r i min egen ensamhet. Andas och bara k\u00e4nna stenens kyla mot mina l\u00e5r,\u00a0regnets v\u00e4ta mot min kind och bara k\u00e4nna att jag lever h\u00e4r och nu. Jag vill inte h\u00f6ra p\u00e5\u00a0folk som \u00e4r brytiga eller h\u00f6gljudda.\u00a0<\/p>\n<p>Jag ler mot mig sj\u00e4lv, min spegelbild sen\u00a0blundar jag\u00a0f\u00f6r r\u00f6ran inuti.<\/p>\n","protected":false},"excerpt":{"rendered":"<p>Jag ler mot mig sj\u00e4lv, min kropp och min k\u00e4mpargl\u00f6d, att forts\u00e4tta peppa mig att inte sluta. Att\u00a0orka h\u00e5lla p\u00e5 och se hur det p\u00e5verkar mig. Men jag blundar f\u00f6r tankarna, de som snurrar runt inom mig som emellan\u00e5t tar &hellip; <a href=\"https:\/\/siby.se\/tweet\/blog\/2013\/11\/07\/att-blunda-for-sjalen-och-le-mot-kroppen\/\">Forts\u00e4tt l\u00e4sa <span class=\"meta-nav\">&rarr;<\/span><\/a><\/p>\n","protected":false},"author":1,"featured_media":0,"comment_status":"open","ping_status":"open","sticky":false,"template":"","format":"standard","meta":[],"categories":[3],"tags":[],"_links":{"self":[{"href":"https:\/\/siby.se\/tweet\/wp-json\/wp\/v2\/posts\/260"}],"collection":[{"href":"https:\/\/siby.se\/tweet\/wp-json\/wp\/v2\/posts"}],"about":[{"href":"https:\/\/siby.se\/tweet\/wp-json\/wp\/v2\/types\/post"}],"author":[{"embeddable":true,"href":"https:\/\/siby.se\/tweet\/wp-json\/wp\/v2\/users\/1"}],"replies":[{"embeddable":true,"href":"https:\/\/siby.se\/tweet\/wp-json\/wp\/v2\/comments?post=260"}],"version-history":[{"count":2,"href":"https:\/\/siby.se\/tweet\/wp-json\/wp\/v2\/posts\/260\/revisions"}],"predecessor-version":[{"id":262,"href":"https:\/\/siby.se\/tweet\/wp-json\/wp\/v2\/posts\/260\/revisions\/262"}],"wp:attachment":[{"href":"https:\/\/siby.se\/tweet\/wp-json\/wp\/v2\/media?parent=260"}],"wp:term":[{"taxonomy":"category","embeddable":true,"href":"https:\/\/siby.se\/tweet\/wp-json\/wp\/v2\/categories?post=260"},{"taxonomy":"post_tag","embeddable":true,"href":"https:\/\/siby.se\/tweet\/wp-json\/wp\/v2\/tags?post=260"}],"curies":[{"name":"wp","href":"https:\/\/api.w.org\/{rel}","templated":true}]}}