{"id":351,"date":"2013-12-27T15:23:56","date_gmt":"2013-12-27T15:23:56","guid":{"rendered":"http:\/\/siby.se\/tweet\/?p=351"},"modified":"2013-12-27T15:24:40","modified_gmt":"2013-12-27T15:24:40","slug":"10-saker-du-kanske-inte-vet-om-mig","status":"publish","type":"post","link":"https:\/\/siby.se\/tweet\/blog\/2013\/12\/27\/10-saker-du-kanske-inte-vet-om-mig\/","title":{"rendered":"10 Saker du (kanske) inte vet om mig?!?"},"content":{"rendered":"<ol>\n<li>Sjunger i Husaby\/Ledsj\u00f6 kyrkok\u00f6r varje torsdag.<\/li>\n<li>Spelat klarinett i 5 \u00e5r och s\u00f6jer att jag slutat och d\u00e4rav funderar p\u00e5 att ta upp det igen.<\/li>\n<li>Har ett \u00f6ga med bl\u00e5 iris och ett \u00f6ga med gr\u00f6n iris<\/li>\n<li>Br\u00f6t nyckelbenet n\u00e4r jag var 11<\/li>\n<li>\u00c5kt ambulans med bl\u00e5ljus till sjukhuset i Sk\u00f6vde<\/li>\n<li>Badat i indiska oceanen<\/li>\n<li>\u00c4r stolt \u00e4gare till 2 marsvin, 1 katt och en 1\/2 hund (andra halvan \u00e4ger syrran)<\/li>\n<li>L\u00f6jligt f\u00f6rtjust i tecknade\/animerade filmer<\/li>\n<li>V\u00e4rlden bl\u00f6digaste, gr\u00e5ter floder vid minsta lilla<\/li>\n<li>Tror p\u00e5 \u00f6det<\/li>\n<\/ol>\n<p><a href=\"http:\/\/siby.se\/tweet\/wp-content\/uploads\/2013\/04\/December-121216-003.jpg\"><img loading=\"lazy\" class=\"alignnone size-full wp-image-17\" alt=\"December-121216-003.jpg\" src=\"http:\/\/siby.se\/tweet\/wp-content\/uploads\/2013\/04\/December-121216-003.jpg\" width=\"4272\" height=\"2848\" srcset=\"https:\/\/siby.se\/tweet\/wp-content\/uploads\/2013\/04\/December-121216-003.jpg 4272w, https:\/\/siby.se\/tweet\/wp-content\/uploads\/2013\/04\/December-121216-003-300x200.jpg 300w, https:\/\/siby.se\/tweet\/wp-content\/uploads\/2013\/04\/December-121216-003-1024x682.jpg 1024w, https:\/\/siby.se\/tweet\/wp-content\/uploads\/2013\/04\/December-121216-003-450x300.jpg 450w\" sizes=\"(max-width: 4272px) 100vw, 4272px\" \/><\/a><\/p>\n","protected":false},"excerpt":{"rendered":"<p>Sjunger i Husaby\/Ledsj\u00f6 kyrkok\u00f6r varje torsdag. Spelat klarinett i 5 \u00e5r och s\u00f6jer att jag slutat och d\u00e4rav funderar p\u00e5 att ta upp det igen. Har ett \u00f6ga med bl\u00e5 iris och ett \u00f6ga med gr\u00f6n iris Br\u00f6t nyckelbenet n\u00e4r &hellip; <a href=\"https:\/\/siby.se\/tweet\/blog\/2013\/12\/27\/10-saker-du-kanske-inte-vet-om-mig\/\">Forts\u00e4tt l\u00e4sa <span class=\"meta-nav\">&rarr;<\/span><\/a><\/p>\n","protected":false},"author":1,"featured_media":0,"comment_status":"open","ping_status":"open","sticky":false,"template":"","format":"standard","meta":[],"categories":[3],"tags":[],"_links":{"self":[{"href":"https:\/\/siby.se\/tweet\/wp-json\/wp\/v2\/posts\/351"}],"collection":[{"href":"https:\/\/siby.se\/tweet\/wp-json\/wp\/v2\/posts"}],"about":[{"href":"https:\/\/siby.se\/tweet\/wp-json\/wp\/v2\/types\/post"}],"author":[{"embeddable":true,"href":"https:\/\/siby.se\/tweet\/wp-json\/wp\/v2\/users\/1"}],"replies":[{"embeddable":true,"href":"https:\/\/siby.se\/tweet\/wp-json\/wp\/v2\/comments?post=351"}],"version-history":[{"count":2,"href":"https:\/\/siby.se\/tweet\/wp-json\/wp\/v2\/posts\/351\/revisions"}],"predecessor-version":[{"id":353,"href":"https:\/\/siby.se\/tweet\/wp-json\/wp\/v2\/posts\/351\/revisions\/353"}],"wp:attachment":[{"href":"https:\/\/siby.se\/tweet\/wp-json\/wp\/v2\/media?parent=351"}],"wp:term":[{"taxonomy":"category","embeddable":true,"href":"https:\/\/siby.se\/tweet\/wp-json\/wp\/v2\/categories?post=351"},{"taxonomy":"post_tag","embeddable":true,"href":"https:\/\/siby.se\/tweet\/wp-json\/wp\/v2\/tags?post=351"}],"curies":[{"name":"wp","href":"https:\/\/api.w.org\/{rel}","templated":true}]}}