{"id":362,"date":"2014-01-06T11:02:24","date_gmt":"2014-01-06T11:02:24","guid":{"rendered":"http:\/\/siby.se\/tweet\/?p=362"},"modified":"2014-01-06T11:09:29","modified_gmt":"2014-01-06T11:09:29","slug":"tema-inlagg-1-min-stil","status":"publish","type":"post","link":"https:\/\/siby.se\/tweet\/blog\/2014\/01\/06\/tema-inlagg-1-min-stil\/","title":{"rendered":"Tema inl\u00e4gg 1. Min stil"},"content":{"rendered":"<p>Som jag skrev i ett tidigare inl\u00e4gg har jag best\u00e4mt mig f\u00f6r att k\u00f6ra ett litet projekt under \u00e5ret och h\u00e4r kommer f\u00f6rsta inl\u00e4gget som redan \u00e4r en dag f\u00f6rsenad men s\u00e5 \u00e4r det n\u00e4r annat hamnar emellan men nu s\u00e5 har jag gjort till f\u00f6rberedelser och ska nu kunna ge er n\u00e5got mer intressant att l\u00e4sa om \ud83d\ude09<\/p>\n<p><a href=\"http:\/\/siby.se\/tweet\/wp-content\/uploads\/2013\/05\/IMG_8383.jpg\"><img loading=\"lazy\" class=\"alignnone size-full wp-image-25\" alt=\"IMG_8383\" src=\"http:\/\/siby.se\/tweet\/wp-content\/uploads\/2013\/05\/IMG_8383.jpg\" width=\"1495\" height=\"997\" srcset=\"https:\/\/siby.se\/tweet\/wp-content\/uploads\/2013\/05\/IMG_8383.jpg 1495w, https:\/\/siby.se\/tweet\/wp-content\/uploads\/2013\/05\/IMG_8383-300x200.jpg 300w, https:\/\/siby.se\/tweet\/wp-content\/uploads\/2013\/05\/IMG_8383-1024x682.jpg 1024w, https:\/\/siby.se\/tweet\/wp-content\/uploads\/2013\/05\/IMG_8383-449x300.jpg 449w\" sizes=\"(max-width: 1495px) 100vw, 1495px\" \/><\/a><\/p>\n<p>Min stil \u00e4r ganska brokig, jag vet inte riktigt om jag h\u00e5ller mig till n\u00e5gon specifik kl\u00e4dgenre men jag har vissa plagg jag gillar mer \u00e4n andra och det g\u00e4ller \u00e4ven material och m\u00f6nster.<br \/>\nJag \u00e4lskar orange, turk\u00e5s, rosa och gul. Dessa \u00e4r absolut mina favorit f\u00e4rger som jag g\u00e4rna kl\u00e4r mig i, det syns \u00e4ven d\u00e4r jag bor d\u00e5 rummen inreds i samma kul\u00f6rer.<br \/>\nNedan har jag kn\u00e5pat ihop en bild som s\u00e4ger lite om vad jag gillar f\u00f6r stil.<a href=\"http:\/\/siby.se\/tweet\/wp-content\/uploads\/2014\/01\/pic20140106114231.jpg\"><img loading=\"lazy\" class=\"alignnone size-full wp-image-363\" alt=\"pic20140106114231\" src=\"http:\/\/siby.se\/tweet\/wp-content\/uploads\/2014\/01\/pic20140106114231.jpg\" width=\"2304\" height=\"2304\" srcset=\"https:\/\/siby.se\/tweet\/wp-content\/uploads\/2014\/01\/pic20140106114231.jpg 2304w, https:\/\/siby.se\/tweet\/wp-content\/uploads\/2014\/01\/pic20140106114231-300x300.jpg 300w\" sizes=\"(max-width: 2304px) 100vw, 2304px\" \/><\/a>I den f\u00f6rsta bilden till v\u00e4nster har jag valt att fotografera tre saker som jag innehar som jag \u00e4r helt galet k\u00e4r i. Min mysiga morgonrock med dess mjuka fleeceliknande material. Kuddar jag sytt upp i det h\u00e4rliga tyget och till sist spets, jag har alltid hatat det men nu ser jag det fina i det och anv\u00e4nder det mer och mer. I bilden till h\u00f6ger har jag fotat en tavla som h\u00e4nger i mitt sovrum, jag ocks\u00e5 att den ska f\u00f6rmedla hur jag vill att saker ska se ut och vilket intryck de ska ge.Sen den undre bilden visar en liten del av alla de kl\u00e4nningar jag \u00e4ger och h\u00e4r visar bilden vilket mischmasch det \u00e4r. Det jag tror \u00e4r att min stil just nu \u00e4r under f\u00f6r\u00e4ndring att det jag hade p\u00e5 mig f\u00f6r ett halv\u00e5r sen inte kommer vara aktuellt utan jag nu h\u00e5ller p\u00e5 att hitta den stil jag k\u00e4nner mig bekv\u00e4m i.<\/p>\n<p>Men rent konkret best\u00e5r min garderob mest utav kl\u00e4nningar och koftor sen kan du hitta n\u00e5gra par byxor, en hel del t-shirts och numera ett helt g\u00e4ng med tr\u00e4ningskl\u00e4der OCH inte att f\u00f6rgl\u00f6mma halva garderoben \u00e4r tilldelad mina ridkl\u00e4der s\u00e5 det f\u00e5r inte plats med s\u00e5 j\u00e4tte mycket annat.\u00a0Det f\u00e5r g\u00e4rna vara m\u00f6nster och glada f\u00e4rger, jag har v\u00e4ldigt s\u00e4llan svart och vit och \u00e4ven vissa nyanser av brunt. Skulle g\u00e4rna kl\u00e4 mig mer rockigt men slutar alltid med att det blir n\u00e5got med fluffigt och gulligt.<\/p>\n<p><a href=\"http:\/\/siby.se\/tweet\/wp-content\/uploads\/2013\/07\/WP_000593.jpg\"><img loading=\"lazy\" class=\"alignnone size-full wp-image-121\" alt=\"WP_000593\" src=\"http:\/\/siby.se\/tweet\/wp-content\/uploads\/2013\/07\/WP_000593.jpg\" width=\"1224\" height=\"1632\" srcset=\"https:\/\/siby.se\/tweet\/wp-content\/uploads\/2013\/07\/WP_000593.jpg 1224w, https:\/\/siby.se\/tweet\/wp-content\/uploads\/2013\/07\/WP_000593-225x300.jpg 225w\" sizes=\"(max-width: 1224px) 100vw, 1224px\" \/><\/a><\/p>\n<p>Tyv\u00e4rr bjuder jag inte p\u00e5 n\u00e5gra helkroppsbilder d\u00e4r jag posar framf\u00f6r kameran, det f\u00e5r helt enkelt bli en annan g\u00e5ng.<\/p>\n<p>&nbsp;<\/p>\n","protected":false},"excerpt":{"rendered":"<p>Som jag skrev i ett tidigare inl\u00e4gg har jag best\u00e4mt mig f\u00f6r att k\u00f6ra ett litet projekt under \u00e5ret och h\u00e4r kommer f\u00f6rsta inl\u00e4gget som redan \u00e4r en dag f\u00f6rsenad men s\u00e5 \u00e4r det n\u00e4r annat hamnar emellan men nu &hellip; <a href=\"https:\/\/siby.se\/tweet\/blog\/2014\/01\/06\/tema-inlagg-1-min-stil\/\">Forts\u00e4tt l\u00e4sa <span class=\"meta-nav\">&rarr;<\/span><\/a><\/p>\n","protected":false},"author":1,"featured_media":0,"comment_status":"open","ping_status":"open","sticky":false,"template":"","format":"standard","meta":[],"categories":[1],"tags":[],"_links":{"self":[{"href":"https:\/\/siby.se\/tweet\/wp-json\/wp\/v2\/posts\/362"}],"collection":[{"href":"https:\/\/siby.se\/tweet\/wp-json\/wp\/v2\/posts"}],"about":[{"href":"https:\/\/siby.se\/tweet\/wp-json\/wp\/v2\/types\/post"}],"author":[{"embeddable":true,"href":"https:\/\/siby.se\/tweet\/wp-json\/wp\/v2\/users\/1"}],"replies":[{"embeddable":true,"href":"https:\/\/siby.se\/tweet\/wp-json\/wp\/v2\/comments?post=362"}],"version-history":[{"count":3,"href":"https:\/\/siby.se\/tweet\/wp-json\/wp\/v2\/posts\/362\/revisions"}],"predecessor-version":[{"id":366,"href":"https:\/\/siby.se\/tweet\/wp-json\/wp\/v2\/posts\/362\/revisions\/366"}],"wp:attachment":[{"href":"https:\/\/siby.se\/tweet\/wp-json\/wp\/v2\/media?parent=362"}],"wp:term":[{"taxonomy":"category","embeddable":true,"href":"https:\/\/siby.se\/tweet\/wp-json\/wp\/v2\/categories?post=362"},{"taxonomy":"post_tag","embeddable":true,"href":"https:\/\/siby.se\/tweet\/wp-json\/wp\/v2\/tags?post=362"}],"curies":[{"name":"wp","href":"https:\/\/api.w.org\/{rel}","templated":true}]}}