{"id":39,"date":"2013-05-17T16:18:12","date_gmt":"2013-05-17T16:18:12","guid":{"rendered":"http:\/\/siby.se\/tweet\/?p=39"},"modified":"2013-05-17T16:19:21","modified_gmt":"2013-05-17T16:19:21","slug":"lista","status":"publish","type":"post","link":"https:\/\/siby.se\/tweet\/blog\/2013\/05\/17\/lista\/","title":{"rendered":"Lista"},"content":{"rendered":"<p><strong>Vad g\u00f6r du just nu?<\/strong><br \/>\n&#8211; \u00e5ker t\u00e5g, p\u00e5 v\u00e4g till etsockolmo f\u00f6r att bes\u00f6ka mannen min<\/p>\n<p><strong>Vad h\u00e4nde i helgen?<\/strong><br \/>\n&#8211; \u00f6hhh jag har t\u00e4vlat min h\u00e4st, vi kom till omhoppning, f\u00f6rsta g\u00e5ngen p\u00e5 hur l\u00e4nge som helst. Haft hundens dag p\u00e5 jobbet och sprungit.<\/p>\n<p><strong>Om du t\u00e4nker p\u00e5 ett ord, vad blir det d\u00e5?<\/strong><br \/>\n&#8211; Kaos<\/p>\n<p><strong>B\u00e4sta som h\u00e4nt i veckan?<\/strong><br \/>\n&#8211; F\u00f6rutom att \u00e5ka till mannen \u00e4r det nog ridningen i onsdags, fick l\u00e5na Hannas hopph\u00e4st Caruso och det gick s\u00e5 fantastiskt bra. \u00c4lskar den h\u00e4sten!<\/p>\n<p><strong>S\u00e4msta som h\u00e4nt i veckan?<\/strong><br \/>\n&#8211; EN gubbe jag m\u00f6te p\u00e5 promenad med Brummel, trist m\u00e4nniska med d\u00e5ligt hum\u00f6r<\/p>\n<p><strong>B\u00e4sta med v\u00e4rmen?<\/strong><br \/>\n-. Att jag jag ha kl\u00e4nning och g\u00e5 barfota, sola p\u00e5 gr\u00e4smattan och slipa frysa<\/p>\n<p><strong>Vad l\u00e4ngtar du efter?<\/strong><br \/>\n&#8211; Glass, klippor, mys med Brummel, kramar, ja ganska mycket faktisk<\/p>\n<p><strong>K\u00e4nner du dig lycklig?<\/strong><br \/>\n&#8211; Jag k\u00e4nner mig gladare och l\u00e4ttare an jag gjort p\u00e5 l\u00e4nge men mina k\u00e4nslor f\u00e5r lika fort upp som ner. Allt sitter utanp\u00e5 vilket g\u00f6r att k\u00e4nslor kommer och g\u00e5r med sekundens hastighet.<\/p>\n<p>&nbsp;<\/p>\n","protected":false},"excerpt":{"rendered":"<p>Vad g\u00f6r du just nu? &#8211; \u00e5ker t\u00e5g, p\u00e5 v\u00e4g till etsockolmo f\u00f6r att bes\u00f6ka mannen min Vad h\u00e4nde i helgen? &#8211; \u00f6hhh jag har t\u00e4vlat min h\u00e4st, vi kom till omhoppning, f\u00f6rsta g\u00e5ngen p\u00e5 hur l\u00e4nge som helst. Haft &hellip; <a href=\"https:\/\/siby.se\/tweet\/blog\/2013\/05\/17\/lista\/\">Forts\u00e4tt l\u00e4sa <span class=\"meta-nav\">&rarr;<\/span><\/a><\/p>\n","protected":false},"author":1,"featured_media":0,"comment_status":"open","ping_status":"open","sticky":false,"template":"","format":"standard","meta":[],"categories":[3,1],"tags":[],"_links":{"self":[{"href":"https:\/\/siby.se\/tweet\/wp-json\/wp\/v2\/posts\/39"}],"collection":[{"href":"https:\/\/siby.se\/tweet\/wp-json\/wp\/v2\/posts"}],"about":[{"href":"https:\/\/siby.se\/tweet\/wp-json\/wp\/v2\/types\/post"}],"author":[{"embeddable":true,"href":"https:\/\/siby.se\/tweet\/wp-json\/wp\/v2\/users\/1"}],"replies":[{"embeddable":true,"href":"https:\/\/siby.se\/tweet\/wp-json\/wp\/v2\/comments?post=39"}],"version-history":[{"count":2,"href":"https:\/\/siby.se\/tweet\/wp-json\/wp\/v2\/posts\/39\/revisions"}],"predecessor-version":[{"id":41,"href":"https:\/\/siby.se\/tweet\/wp-json\/wp\/v2\/posts\/39\/revisions\/41"}],"wp:attachment":[{"href":"https:\/\/siby.se\/tweet\/wp-json\/wp\/v2\/media?parent=39"}],"wp:term":[{"taxonomy":"category","embeddable":true,"href":"https:\/\/siby.se\/tweet\/wp-json\/wp\/v2\/categories?post=39"},{"taxonomy":"post_tag","embeddable":true,"href":"https:\/\/siby.se\/tweet\/wp-json\/wp\/v2\/tags?post=39"}],"curies":[{"name":"wp","href":"https:\/\/api.w.org\/{rel}","templated":true}]}}