{"id":407,"date":"2014-01-23T21:59:05","date_gmt":"2014-01-23T21:59:05","guid":{"rendered":"http:\/\/siby.se\/tweet\/?p=407"},"modified":"2014-01-23T21:59:05","modified_gmt":"2014-01-23T21:59:05","slug":"3-vad-onskar-jag-mig-i-fodelsedagspresent","status":"publish","type":"post","link":"https:\/\/siby.se\/tweet\/blog\/2014\/01\/23\/3-vad-onskar-jag-mig-i-fodelsedagspresent\/","title":{"rendered":"3. Vad \u00f6nskar jag mig i f\u00f6delsedagspresent?"},"content":{"rendered":"<p>Om tv\u00e5 m\u00e5nader sl\u00e5r 25 om till 26, vilket betyder att jag fyller \u00e5r. S\u00e5 vad kan jag t\u00e4nkas \u00f6nska mig?<br \/>\nJag gillar eko, f\u00f6rs\u00f6ker anv\u00e4nda produkter som \u00e4r s\u00e5 v\u00e4nliga mot kroppen som m\u00f6jligt men 1 kg rasullera kanske? eller lite tv\u00e4ttn\u00f6tter? Det hittar ni <a title=\"Morot\" href=\"http:\/\/morotoannat.shop.textalk.se\/se\/search.php\" target=\"_blank\">h\u00e4r<\/a> om inte annat.<br \/>\nSen har jag hamnat i det lite osunda kl\u00e4dtr\u00e4sket, hela garderoben \u00e4ndras och det gillas skarp kanske inte s\u00e5 ekonomiskt eller milj\u00f6v\u00e4nligt men ni kanske kan fynda n\u00e5got p\u00e5 seconhand om det ska inhandlas present. Anv\u00e4nda fantasin och v\u00e4lj n\u00e5got Du gillar f\u00f6r d\u00e5 kommer jag med st\u00f6rsta sannolikhet ocks\u00e5 gilla den.<\/p>\n<p><a href=\"http:\/\/siby.se\/tweet\/wp-content\/uploads\/2014\/01\/20140123_225007.jpg\"><img loading=\"lazy\" class=\"alignnone size-full wp-image-408\" alt=\"20140123_225007\" src=\"http:\/\/siby.se\/tweet\/wp-content\/uploads\/2014\/01\/20140123_225007.jpg\" width=\"4128\" height=\"2322\" srcset=\"https:\/\/siby.se\/tweet\/wp-content\/uploads\/2014\/01\/20140123_225007.jpg 4128w, https:\/\/siby.se\/tweet\/wp-content\/uploads\/2014\/01\/20140123_225007-300x168.jpg 300w, https:\/\/siby.se\/tweet\/wp-content\/uploads\/2014\/01\/20140123_225007-500x281.jpg 500w\" sizes=\"(max-width: 4128px) 100vw, 4128px\" \/><\/a><\/p>\n","protected":false},"excerpt":{"rendered":"<p>Om tv\u00e5 m\u00e5nader sl\u00e5r 25 om till 26, vilket betyder att jag fyller \u00e5r. S\u00e5 vad kan jag t\u00e4nkas \u00f6nska mig? Jag gillar eko, f\u00f6rs\u00f6ker anv\u00e4nda produkter som \u00e4r s\u00e5 v\u00e4nliga mot kroppen som m\u00f6jligt men 1 kg rasullera kanske? &hellip; <a href=\"https:\/\/siby.se\/tweet\/blog\/2014\/01\/23\/3-vad-onskar-jag-mig-i-fodelsedagspresent\/\">Forts\u00e4tt l\u00e4sa <span class=\"meta-nav\">&rarr;<\/span><\/a><\/p>\n","protected":false},"author":1,"featured_media":0,"comment_status":"open","ping_status":"open","sticky":false,"template":"","format":"standard","meta":[],"categories":[3],"tags":[],"_links":{"self":[{"href":"https:\/\/siby.se\/tweet\/wp-json\/wp\/v2\/posts\/407"}],"collection":[{"href":"https:\/\/siby.se\/tweet\/wp-json\/wp\/v2\/posts"}],"about":[{"href":"https:\/\/siby.se\/tweet\/wp-json\/wp\/v2\/types\/post"}],"author":[{"embeddable":true,"href":"https:\/\/siby.se\/tweet\/wp-json\/wp\/v2\/users\/1"}],"replies":[{"embeddable":true,"href":"https:\/\/siby.se\/tweet\/wp-json\/wp\/v2\/comments?post=407"}],"version-history":[{"count":1,"href":"https:\/\/siby.se\/tweet\/wp-json\/wp\/v2\/posts\/407\/revisions"}],"predecessor-version":[{"id":409,"href":"https:\/\/siby.se\/tweet\/wp-json\/wp\/v2\/posts\/407\/revisions\/409"}],"wp:attachment":[{"href":"https:\/\/siby.se\/tweet\/wp-json\/wp\/v2\/media?parent=407"}],"wp:term":[{"taxonomy":"category","embeddable":true,"href":"https:\/\/siby.se\/tweet\/wp-json\/wp\/v2\/categories?post=407"},{"taxonomy":"post_tag","embeddable":true,"href":"https:\/\/siby.se\/tweet\/wp-json\/wp\/v2\/tags?post=407"}],"curies":[{"name":"wp","href":"https:\/\/api.w.org\/{rel}","templated":true}]}}