{"id":410,"date":"2014-01-26T19:57:51","date_gmt":"2014-01-26T19:57:51","guid":{"rendered":"http:\/\/siby.se\/tweet\/?p=410"},"modified":"2014-01-26T19:57:51","modified_gmt":"2014-01-26T19:57:51","slug":"4-hur-far-jag-mina-klader-att-halla-langre","status":"publish","type":"post","link":"https:\/\/siby.se\/tweet\/blog\/2014\/01\/26\/4-hur-far-jag-mina-klader-att-halla-langre\/","title":{"rendered":"4. Hur f\u00e5r jag mina kl\u00e4der att h\u00e5lla l\u00e4ngre?"},"content":{"rendered":"<p>N\u00e4r jag l\u00e4ste det h\u00e4r temat f\u00f6r inl\u00e4gget satt jag ganska l\u00e4nga och funderade p\u00e5 om jag medvetet v\u00e4ljer att behandla mina kl\u00e4der p\u00e5 ett s\u00e4tt som g\u00f6r att de h\u00e5ller l\u00e4ngre. Det jag f\u00f6rs\u00f6ker g\u00f6ra \u00e4r att h\u00e4nga det som beh\u00f6ver h\u00e4ngas, att tv\u00e4tta dem n\u00e4r de verkligen beh\u00f6vs, v\u00e4lja material som faktiskt h\u00e5ller att tv\u00e4ttas minst 10 ggr.<\/p>\n<p>I vissa fall funkar det bra att h\u00e4nga ut ett plagg och luftas s\u00e5 g\u00e5r det att anv\u00e4nda lite till innan det beh\u00f6ver tr\u00e4ffa tv\u00e4ttmaskinen.<\/p>\n<p>Hur g\u00f6r ni? Har ni tips vad ni g\u00f6r? F\u00f6r jag kan inte komma p\u00e5 n\u00e5got mer som jag g\u00f6r just nu men jag kommer verkligen h\u00e5lla det mer in tanken hur jag kan behandla min kl\u00e4der p\u00e5 ett b\u00e4ttre s\u00e4tt.<\/p>\n<p><a href=\"http:\/\/siby.se\/tweet\/wp-content\/uploads\/2014\/01\/20140126_204718.jpg\"><img loading=\"lazy\" class=\"alignnone size-full wp-image-411\" alt=\"20140126_204718\" src=\"http:\/\/siby.se\/tweet\/wp-content\/uploads\/2014\/01\/20140126_204718.jpg\" width=\"2322\" height=\"4128\" srcset=\"https:\/\/siby.se\/tweet\/wp-content\/uploads\/2014\/01\/20140126_204718.jpg 2322w, https:\/\/siby.se\/tweet\/wp-content\/uploads\/2014\/01\/20140126_204718-168x300.jpg 168w\" sizes=\"(max-width: 2322px) 100vw, 2322px\" \/><\/a><\/p>\n","protected":false},"excerpt":{"rendered":"<p>N\u00e4r jag l\u00e4ste det h\u00e4r temat f\u00f6r inl\u00e4gget satt jag ganska l\u00e4nga och funderade p\u00e5 om jag medvetet v\u00e4ljer att behandla mina kl\u00e4der p\u00e5 ett s\u00e4tt som g\u00f6r att de h\u00e5ller l\u00e4ngre. Det jag f\u00f6rs\u00f6ker g\u00f6ra \u00e4r att h\u00e4nga det &hellip; <a href=\"https:\/\/siby.se\/tweet\/blog\/2014\/01\/26\/4-hur-far-jag-mina-klader-att-halla-langre\/\">Forts\u00e4tt l\u00e4sa <span class=\"meta-nav\">&rarr;<\/span><\/a><\/p>\n","protected":false},"author":1,"featured_media":0,"comment_status":"open","ping_status":"open","sticky":false,"template":"","format":"standard","meta":[],"categories":[3],"tags":[],"_links":{"self":[{"href":"https:\/\/siby.se\/tweet\/wp-json\/wp\/v2\/posts\/410"}],"collection":[{"href":"https:\/\/siby.se\/tweet\/wp-json\/wp\/v2\/posts"}],"about":[{"href":"https:\/\/siby.se\/tweet\/wp-json\/wp\/v2\/types\/post"}],"author":[{"embeddable":true,"href":"https:\/\/siby.se\/tweet\/wp-json\/wp\/v2\/users\/1"}],"replies":[{"embeddable":true,"href":"https:\/\/siby.se\/tweet\/wp-json\/wp\/v2\/comments?post=410"}],"version-history":[{"count":1,"href":"https:\/\/siby.se\/tweet\/wp-json\/wp\/v2\/posts\/410\/revisions"}],"predecessor-version":[{"id":412,"href":"https:\/\/siby.se\/tweet\/wp-json\/wp\/v2\/posts\/410\/revisions\/412"}],"wp:attachment":[{"href":"https:\/\/siby.se\/tweet\/wp-json\/wp\/v2\/media?parent=410"}],"wp:term":[{"taxonomy":"category","embeddable":true,"href":"https:\/\/siby.se\/tweet\/wp-json\/wp\/v2\/categories?post=410"},{"taxonomy":"post_tag","embeddable":true,"href":"https:\/\/siby.se\/tweet\/wp-json\/wp\/v2\/tags?post=410"}],"curies":[{"name":"wp","href":"https:\/\/api.w.org\/{rel}","templated":true}]}}