{"id":434,"date":"2014-02-10T05:48:42","date_gmt":"2014-02-10T05:48:42","guid":{"rendered":"http:\/\/siby.se\/tweet\/?p=434"},"modified":"2014-02-10T05:51:33","modified_gmt":"2014-02-10T05:51:33","slug":"mandagsliiiista","status":"publish","type":"post","link":"https:\/\/siby.se\/tweet\/blog\/2014\/02\/10\/mandagsliiiista\/","title":{"rendered":"M\u00e5ndagsliiiista"},"content":{"rendered":"<p><strong>1. N\u00e4r ringde din v\u00e4ckarklocka?<\/strong><br \/>\nDen pep till vid 5,22, l\u00e5g sen kvar och h\u00f6ll om Gustav innan jag tog mig upp 10 min senare<\/p>\n<p><strong>2. T\u00e4nkte du n\u00e5gon speciellt d\u00e5?<\/strong><br \/>\nVarf\u00f6r st\u00e4llde jag klockan nu?!? Vilket n\u00e5gra \u00f6gonblick senare f\u00f6rstod, det \u00e4r m\u00e5ndag och jag ska jobba 09,00 i Lidk\u00f6ping och jag just nu \u00e4r i Sthlm. Gosh att jag orkar.<\/p>\n<p><strong>3. Vad \u00e4r b\u00e4sta frukosten?<br \/>\n<\/strong>Jag v\u00e4ljer inte s\u00e5 mycket just nu d\u00e5 jag endast \u00e4ter en smootie p\u00e5 morgonen men om jag f\u00e5r v\u00e4lja s\u00e5 \u00e4r det nybakta scones som jag har f\u00f6r mycket sm\u00f6r p\u00e5, en ost som smakar J\u00c4TTE mycket. Mannagrynsgr\u00f6t med r\u00f6davindb\u00e4rssylt. Stor kopp te med honung och bra s\u00e4llskap som t.ex. Hel\u00e9ne, Louise, Sussie, familjen (inr\u00e4knat tillbeh\u00f6r), Brummel och kissarna s\u00e5 klart.<\/p>\n<p><strong>4. Vad t\u00e4nker du p\u00e5 just nu?<\/strong><br \/>\nAtt jag \u00e4r tr\u00f6tt, borde sova en liten stund men att jag hellre vill vara lite kreativ, sitta hemma och pyssla, andas och t\u00e4nka fina tankar.<\/p>\n<p><strong>5. Vad handlade du senast?<\/strong><br \/>\n2 par byxor och en skjorta, f\u00f6rsenad julklapp till Gustav. Vi var p\u00e5 Carlings och gr\u00e4vde fram lite snygga kl\u00e4der.<\/p>\n<p><strong>6. Vad h\u00e4nder ikv\u00e4ll?<\/strong><br \/>\nDet blir mys med Brummel, bada min h\u00e4st som uppt\u00e4ckt leran igen och sova, god damit vad tr\u00f6tt jag kommer vara ikv\u00e4ll.<\/p>\n<p><strong>7, Vad har du p\u00e5 dig just nu?<\/strong><br \/>\nInget upphetsande allt, underst\u00e4llstr\u00f6ja, tr\u00e4ningsbyxor, bruna k\u00e4ngor, utsl\u00e4ppt h\u00e5r och r\u00f6d vinterjacka. H\u00e4rlisch med tidig morgon.<\/p>\n<p><strong>8. Hittat en ny hobby?<\/strong><br \/>\nJag har b\u00f6rjat brodera?, \u00f6hm jag vet inte vad som gick snett men jag gillart och kommer nog forts\u00e4tta med det.<\/p>\n<p><strong>9. Vad l\u00e4ngtar du efter?<\/strong><br \/>\nAtt f\u00e5 s\u00e4tta p\u00e5 mig mina tr\u00e4ningskl\u00e4der, ut och springa och bara f\u00e5 sl\u00e4ppa allt och k\u00e4nna f\u00f6tterna under mig trampa. Lite frihetsk\u00e4nsla p\u00e5 det.<\/p>\n<p><strong>10. Vad \u00e4r du tr\u00f6tt p\u00e5 just nu?<\/strong><br \/>\nMannen till v\u00e4nster om mig p\u00e5 t\u00e5get! Som s\u00e5 fint uttryckte det att i tystvagn b\u00f6r du inte skriva p\u00e5 din dator&#8230;&#8230;&#8230;<\/p>\n","protected":false},"excerpt":{"rendered":"<p>1. N\u00e4r ringde din v\u00e4ckarklocka? Den pep till vid 5,22, l\u00e5g sen kvar och h\u00f6ll om Gustav innan jag tog mig upp 10 min senare 2. T\u00e4nkte du n\u00e5gon speciellt d\u00e5? Varf\u00f6r st\u00e4llde jag klockan nu?!? Vilket n\u00e5gra \u00f6gonblick senare &hellip; <a href=\"https:\/\/siby.se\/tweet\/blog\/2014\/02\/10\/mandagsliiiista\/\">Forts\u00e4tt l\u00e4sa <span class=\"meta-nav\">&rarr;<\/span><\/a><\/p>\n","protected":false},"author":1,"featured_media":0,"comment_status":"open","ping_status":"open","sticky":false,"template":"","format":"standard","meta":[],"categories":[3],"tags":[],"_links":{"self":[{"href":"https:\/\/siby.se\/tweet\/wp-json\/wp\/v2\/posts\/434"}],"collection":[{"href":"https:\/\/siby.se\/tweet\/wp-json\/wp\/v2\/posts"}],"about":[{"href":"https:\/\/siby.se\/tweet\/wp-json\/wp\/v2\/types\/post"}],"author":[{"embeddable":true,"href":"https:\/\/siby.se\/tweet\/wp-json\/wp\/v2\/users\/1"}],"replies":[{"embeddable":true,"href":"https:\/\/siby.se\/tweet\/wp-json\/wp\/v2\/comments?post=434"}],"version-history":[{"count":2,"href":"https:\/\/siby.se\/tweet\/wp-json\/wp\/v2\/posts\/434\/revisions"}],"predecessor-version":[{"id":436,"href":"https:\/\/siby.se\/tweet\/wp-json\/wp\/v2\/posts\/434\/revisions\/436"}],"wp:attachment":[{"href":"https:\/\/siby.se\/tweet\/wp-json\/wp\/v2\/media?parent=434"}],"wp:term":[{"taxonomy":"category","embeddable":true,"href":"https:\/\/siby.se\/tweet\/wp-json\/wp\/v2\/categories?post=434"},{"taxonomy":"post_tag","embeddable":true,"href":"https:\/\/siby.se\/tweet\/wp-json\/wp\/v2\/tags?post=434"}],"curies":[{"name":"wp","href":"https:\/\/api.w.org\/{rel}","templated":true}]}}