{"id":459,"date":"2014-02-25T16:05:09","date_gmt":"2014-02-25T16:05:09","guid":{"rendered":"http:\/\/siby.se\/tweet\/?p=459"},"modified":"2014-02-25T16:05:09","modified_gmt":"2014-02-25T16:05:09","slug":"lagger-till-i-onskelistan","status":"publish","type":"post","link":"https:\/\/siby.se\/tweet\/blog\/2014\/02\/25\/lagger-till-i-onskelistan\/","title":{"rendered":"L\u00e4gger till i \u00d6nskelistan"},"content":{"rendered":"<p>Den h\u00e4r <a href=\"http:\/\/www.adlibris.com\/se\/bok\/underbaraclaras-garderob-pimpa-sy-och-fixa-9789174243178\" target=\"_blank\">boken <\/a>skulle jag g\u00e4rna vilja ha i bokhyllan eller den <a href=\"http:\/\/www.adlibris.com\/se\/bok\/sy-fran-hood-till-skjortklanning-9789127132719\" target=\"_blank\">h\u00e4r <\/a>boken!<\/p>\n","protected":false},"excerpt":{"rendered":"<p>Den h\u00e4r boken skulle jag g\u00e4rna vilja ha i bokhyllan eller den h\u00e4r boken!<\/p>\n","protected":false},"author":1,"featured_media":0,"comment_status":"open","ping_status":"open","sticky":false,"template":"","format":"standard","meta":[],"categories":[1],"tags":[],"_links":{"self":[{"href":"https:\/\/siby.se\/tweet\/wp-json\/wp\/v2\/posts\/459"}],"collection":[{"href":"https:\/\/siby.se\/tweet\/wp-json\/wp\/v2\/posts"}],"about":[{"href":"https:\/\/siby.se\/tweet\/wp-json\/wp\/v2\/types\/post"}],"author":[{"embeddable":true,"href":"https:\/\/siby.se\/tweet\/wp-json\/wp\/v2\/users\/1"}],"replies":[{"embeddable":true,"href":"https:\/\/siby.se\/tweet\/wp-json\/wp\/v2\/comments?post=459"}],"version-history":[{"count":1,"href":"https:\/\/siby.se\/tweet\/wp-json\/wp\/v2\/posts\/459\/revisions"}],"predecessor-version":[{"id":460,"href":"https:\/\/siby.se\/tweet\/wp-json\/wp\/v2\/posts\/459\/revisions\/460"}],"wp:attachment":[{"href":"https:\/\/siby.se\/tweet\/wp-json\/wp\/v2\/media?parent=459"}],"wp:term":[{"taxonomy":"category","embeddable":true,"href":"https:\/\/siby.se\/tweet\/wp-json\/wp\/v2\/categories?post=459"},{"taxonomy":"post_tag","embeddable":true,"href":"https:\/\/siby.se\/tweet\/wp-json\/wp\/v2\/tags?post=459"}],"curies":[{"name":"wp","href":"https:\/\/api.w.org\/{rel}","templated":true}]}}