{"id":491,"date":"2014-04-01T05:10:40","date_gmt":"2014-04-01T05:10:40","guid":{"rendered":"http:\/\/siby.se\/tweet\/?p=491"},"modified":"2014-04-01T05:14:04","modified_gmt":"2014-04-01T05:14:04","slug":"det-blir-lite-mycket-at-ena-eller-andra-hallet","status":"publish","type":"post","link":"https:\/\/siby.se\/tweet\/blog\/2014\/04\/01\/det-blir-lite-mycket-at-ena-eller-andra-hallet\/","title":{"rendered":"Det blir lite mycket \u00e5t ena eller andra h\u00e5llet"},"content":{"rendered":"<p>Jag k\u00e4mpar dagligen med att f\u00e5 det lite lagom i vardagen, det handlar inte om tr\u00e4ningen eller ridningen utan att ta hand om mig. I perioder s\u00e5 sk\u00f6ter jag mig sj\u00e4lv p\u00e5 b\u00e4sta s\u00e4tt, ordnar och grejar och k\u00e4nner mig n\u00f6jd med det jag \u00e5stadkommer. Nu \u00e4r jag i en period d\u00e4r jag gl\u00f6mmer mig sj\u00e4lv, gl\u00f6mmer att sm\u00f6rja i nagelbanden s\u00e5 de spricker och b\u00f6rja bl\u00f6da, att ha mens under dessa perioder kan vara lite k\u00e4mpig f\u00f6r det \u00e4r ganska viktigt att ha koll p\u00e5. Hur jag kl\u00e4r mig och hur jag fixar mig inf\u00f6r jobbet, tr\u00e4ffa v\u00e4nner osv. Min l\u00e4gsta gr\u00e4ns f\u00f6r vad jag accepterar g\u00e5r i bott. Jag tror inte jag var lika medveten om dessa dippar tidigare, utan jag har sakta kommit underfund med dem nu och jag f\u00f6rs\u00f6ker medvetet g\u00f6ra lite enklare val under dessa perioder f\u00f6r att inte g\u00f6ra livet allt f\u00f6r kn\u00f6ligt. Jag sover mer under dessa perioder och k\u00e4nner mig inte lika inspirerad att h\u00e5lla ig\u00e5ng. Att l\u00e4ra sig hitta den d\u00e4r avv\u00e4gningen, att hitta den l\u00e4gsta niv\u00e5 som \u00e4r sund \u00e4r r\u00e4tt sv\u00e5rt. Just nu sitter jag tr\u00e4ningskl\u00e4dd f\u00f6r att ta med mig brummel ut p\u00e5 en promenad innan jobbet, jag har best\u00e4mt mig att jag ska bara ut, ut och lyssna p\u00e5 f\u00e5glarna som drillar och k\u00e4nns v\u00e5ren str\u00e5lar mot ansiktet.<\/p>\n","protected":false},"excerpt":{"rendered":"<p>Jag k\u00e4mpar dagligen med att f\u00e5 det lite lagom i vardagen, det handlar inte om tr\u00e4ningen eller ridningen utan att ta hand om mig. I perioder s\u00e5 sk\u00f6ter jag mig sj\u00e4lv p\u00e5 b\u00e4sta s\u00e4tt, ordnar och grejar och k\u00e4nner mig &hellip; <a href=\"https:\/\/siby.se\/tweet\/blog\/2014\/04\/01\/det-blir-lite-mycket-at-ena-eller-andra-hallet\/\">Forts\u00e4tt l\u00e4sa <span class=\"meta-nav\">&rarr;<\/span><\/a><\/p>\n","protected":false},"author":1,"featured_media":0,"comment_status":"open","ping_status":"open","sticky":false,"template":"","format":"standard","meta":[],"categories":[3],"tags":[],"_links":{"self":[{"href":"https:\/\/siby.se\/tweet\/wp-json\/wp\/v2\/posts\/491"}],"collection":[{"href":"https:\/\/siby.se\/tweet\/wp-json\/wp\/v2\/posts"}],"about":[{"href":"https:\/\/siby.se\/tweet\/wp-json\/wp\/v2\/types\/post"}],"author":[{"embeddable":true,"href":"https:\/\/siby.se\/tweet\/wp-json\/wp\/v2\/users\/1"}],"replies":[{"embeddable":true,"href":"https:\/\/siby.se\/tweet\/wp-json\/wp\/v2\/comments?post=491"}],"version-history":[{"count":3,"href":"https:\/\/siby.se\/tweet\/wp-json\/wp\/v2\/posts\/491\/revisions"}],"predecessor-version":[{"id":494,"href":"https:\/\/siby.se\/tweet\/wp-json\/wp\/v2\/posts\/491\/revisions\/494"}],"wp:attachment":[{"href":"https:\/\/siby.se\/tweet\/wp-json\/wp\/v2\/media?parent=491"}],"wp:term":[{"taxonomy":"category","embeddable":true,"href":"https:\/\/siby.se\/tweet\/wp-json\/wp\/v2\/categories?post=491"},{"taxonomy":"post_tag","embeddable":true,"href":"https:\/\/siby.se\/tweet\/wp-json\/wp\/v2\/tags?post=491"}],"curies":[{"name":"wp","href":"https:\/\/api.w.org\/{rel}","templated":true}]}}