{"id":505,"date":"2014-04-08T19:57:41","date_gmt":"2014-04-08T19:57:41","guid":{"rendered":"http:\/\/siby.se\/tweet\/?p=505"},"modified":"2014-04-08T19:57:41","modified_gmt":"2014-04-08T19:57:41","slug":"eko-mig","status":"publish","type":"post","link":"https:\/\/siby.se\/tweet\/blog\/2014\/04\/08\/eko-mig\/","title":{"rendered":"Eko mig!"},"content":{"rendered":"<p>Jag har under ganska l\u00e5ng period f\u00f6rs\u00f6kt hitta ett s\u00e4tt att undvika s\u00e5 mycket kemikalier som m\u00f6jligt i mina v\u00e5rdande produkter s\u00e5 som schampo, balsam, tv\u00e5l, hudkr\u00e4mer osv.<\/p>\n<p>Nu har det g\u00e5tt tv\u00e5 veckor sen jag helt abrupt tog bort mitt nopoo-schampo och ist\u00e4llet v\u00e4ljer rasulleran som huvuddel i mitt h\u00e5rtv\u00e4ttande, det enda jag har varit missn\u00f6jd med \u00e4r att den tv\u00e4ttande k\u00e4nslan inte riktigt h\u00e5ller i sig s\u00e5 l\u00e4nge jag \u00f6nskar MEN det kan bero p\u00e5 att jag inte anv\u00e4nt denna metod tillr\u00e4ckligt l\u00e4nge. Jag har \u00e4ndrat en komponent mot tidigare tv\u00e4ttar dels ser jag till att ordentligt massera leran fr\u00e5n h\u00e5rbotten ut till h\u00e5rspetsarna. Jag l\u00e5ter det sitta i n\u00e5gon minut innan jag sk\u00f6ljer ur det. F\u00f6r att sen g\u00f6ra en knorr p\u00e5 det hela g\u00f6r jag ocks\u00e5 en \u00e4ppelcidervin\u00e4ger sk\u00f6lj p\u00e5 det, vill ni l\u00e4sa lite mer kan ni hitta det <a href=\"http:\/\/siby.se\/tweet\/blog\/2013\/06\/27\/6-km-avverkade-och-appelcidervinager-i-haret\/\" target=\"_blank\">h\u00e4r<\/a>\u00a0och det <a href=\"http:\/\/siby.se\/tweet\/blog\/2013\/08\/31\/appelcidervinager\/\" target=\"_blank\">h\u00e4r<\/a>\u00a0inl\u00e4gget. Jag blandar en del \u00e4ppelcidervin\u00e4ger med 5 delar vatten, blandar det samman h\u00e4ller det \u00f6ver h\u00e5ret. Jag v\u00e4ljer ibland att sk\u00f6lja ur det men nu senast l\u00e4t jag det sitta i och jag upplever att det \u00e4r det b\u00e4ttre alternativet om man kan leva med den lilla doft som uppst\u00e5r.<\/p>\n<p>En annan viktig grej jag ocks\u00e5 g\u00f6r i kampen mot kemikalierna \u00e4r vad jag anv\u00e4nder f\u00f6r produkter att \u00e5terfukta huden med. Jag varvar med koksfett och en kroppsolja fr\u00e5n <a href=\"http:\/\/www.weleda.se\/hudvard\/kroppsvard\/body-oil\/birch-cellulite-oil\/\" target=\"_blank\">Weleda<\/a>. Jag \u00e4lskar b\u00e5da produkterna men mest kroppsolja fr\u00e5n Weleda f\u00f6r den efterl\u00e4mnar en svag doft av citrus och jag \u00e4r helt nerk\u00e4rad i den doften.<\/p>\n<p>Det h\u00e4r \u00e4r det jag aktivt jobbar med i vardagen och det jag jobbar p\u00e5 att bli b\u00e4ttre p\u00e5 \u00e4r mitt smink att fasa ut det som inte \u00e4r nopoo v\u00e4nligt och hitta de ekologiska och naturliga alternativen.<\/p>\n<p>&nbsp;<\/p>\n","protected":false},"excerpt":{"rendered":"<p>Jag har under ganska l\u00e5ng period f\u00f6rs\u00f6kt hitta ett s\u00e4tt att undvika s\u00e5 mycket kemikalier som m\u00f6jligt i mina v\u00e5rdande produkter s\u00e5 som schampo, balsam, tv\u00e5l, hudkr\u00e4mer osv. Nu har det g\u00e5tt tv\u00e5 veckor sen jag helt abrupt tog bort &hellip; <a href=\"https:\/\/siby.se\/tweet\/blog\/2014\/04\/08\/eko-mig\/\">Forts\u00e4tt l\u00e4sa <span class=\"meta-nav\">&rarr;<\/span><\/a><\/p>\n","protected":false},"author":1,"featured_media":0,"comment_status":"open","ping_status":"open","sticky":false,"template":"","format":"standard","meta":[],"categories":[4],"tags":[],"_links":{"self":[{"href":"https:\/\/siby.se\/tweet\/wp-json\/wp\/v2\/posts\/505"}],"collection":[{"href":"https:\/\/siby.se\/tweet\/wp-json\/wp\/v2\/posts"}],"about":[{"href":"https:\/\/siby.se\/tweet\/wp-json\/wp\/v2\/types\/post"}],"author":[{"embeddable":true,"href":"https:\/\/siby.se\/tweet\/wp-json\/wp\/v2\/users\/1"}],"replies":[{"embeddable":true,"href":"https:\/\/siby.se\/tweet\/wp-json\/wp\/v2\/comments?post=505"}],"version-history":[{"count":1,"href":"https:\/\/siby.se\/tweet\/wp-json\/wp\/v2\/posts\/505\/revisions"}],"predecessor-version":[{"id":506,"href":"https:\/\/siby.se\/tweet\/wp-json\/wp\/v2\/posts\/505\/revisions\/506"}],"wp:attachment":[{"href":"https:\/\/siby.se\/tweet\/wp-json\/wp\/v2\/media?parent=505"}],"wp:term":[{"taxonomy":"category","embeddable":true,"href":"https:\/\/siby.se\/tweet\/wp-json\/wp\/v2\/categories?post=505"},{"taxonomy":"post_tag","embeddable":true,"href":"https:\/\/siby.se\/tweet\/wp-json\/wp\/v2\/tags?post=505"}],"curies":[{"name":"wp","href":"https:\/\/api.w.org\/{rel}","templated":true}]}}