{"id":540,"date":"2014-05-18T20:03:13","date_gmt":"2014-05-18T20:03:13","guid":{"rendered":"http:\/\/siby.se\/tweet\/?p=540"},"modified":"2014-05-18T20:03:13","modified_gmt":"2014-05-18T20:03:13","slug":"varvet","status":"publish","type":"post","link":"https:\/\/siby.se\/tweet\/blog\/2014\/05\/18\/varvet\/","title":{"rendered":"Varvet"},"content":{"rendered":"<p><a href=\"http:\/\/siby.se\/tweet\/wp-content\/uploads\/2014\/05\/m\u00e5lfoto-GBG-2014.jpg\"><img loading=\"lazy\" class=\"alignnone size-full wp-image-541\" src=\"http:\/\/siby.se\/tweet\/wp-content\/uploads\/2014\/05\/m\u00e5lfoto-GBG-2014.jpg\" alt=\"m\u00e5lfoto GBG 2014\" width=\"542\" height=\"960\" srcset=\"https:\/\/siby.se\/tweet\/wp-content\/uploads\/2014\/05\/m\u00e5lfoto-GBG-2014.jpg 542w, https:\/\/siby.se\/tweet\/wp-content\/uploads\/2014\/05\/m\u00e5lfoto-GBG-2014-169x300.jpg 169w\" sizes=\"(max-width: 542px) 100vw, 542px\" \/><\/a><\/p>\n<p>H\u00e4r \u00e4r jag lycklig f\u00f6r att ha kommit i m\u00e5l, 2,1 mils l\u00f6pning till \u00e4nda och jag gjorde det p\u00e5 2 h och 11 min. Jag \u00e4r f\u00f6rbannat n\u00f6jd \u00f6ver mig sj\u00e4lv! Vad ska jag s\u00e4ga att det var ett enda gl\u00e4djerus?!? NEJ absolut inte f\u00f6rsta milen k\u00e4nde jag mig sjukt i form, sen vid 13 km tog det emot och benen b\u00f6rjade bli v\u00e4ldigt stumma men skam den som ger sig. Viljan ha makten och jag s\u00e5g till att l\u00f6pa hela v\u00e4gen in i m\u00e5l. Jag minns bitvis av varvet, vissa delar finns d\u00e4r men det mesta \u00e4r ett enda t\u00f6cken av tankar, k\u00e4nslor och \u00f6vertalning. Jag grejade det!<\/p>\n<p>Ett helt \u00e5rs beslutsamhet fick sin f\u00f6rl\u00f6sning! Jag hejjar p\u00e5 mig och mitt hj\u00e4rta och jag \u00e4r otroligt tacksam \u00f6ver mitt crew som t\u00e5lmodigt v\u00e4ntade p\u00e5 mig!<\/p>\n","protected":false},"excerpt":{"rendered":"<p>H\u00e4r \u00e4r jag lycklig f\u00f6r att ha kommit i m\u00e5l, 2,1 mils l\u00f6pning till \u00e4nda och jag gjorde det p\u00e5 2 h och 11 min. Jag \u00e4r f\u00f6rbannat n\u00f6jd \u00f6ver mig sj\u00e4lv! Vad ska jag s\u00e4ga att det var ett &hellip; <a href=\"https:\/\/siby.se\/tweet\/blog\/2014\/05\/18\/varvet\/\">Forts\u00e4tt l\u00e4sa <span class=\"meta-nav\">&rarr;<\/span><\/a><\/p>\n","protected":false},"author":1,"featured_media":0,"comment_status":"open","ping_status":"open","sticky":false,"template":"","format":"standard","meta":[],"categories":[3],"tags":[],"_links":{"self":[{"href":"https:\/\/siby.se\/tweet\/wp-json\/wp\/v2\/posts\/540"}],"collection":[{"href":"https:\/\/siby.se\/tweet\/wp-json\/wp\/v2\/posts"}],"about":[{"href":"https:\/\/siby.se\/tweet\/wp-json\/wp\/v2\/types\/post"}],"author":[{"embeddable":true,"href":"https:\/\/siby.se\/tweet\/wp-json\/wp\/v2\/users\/1"}],"replies":[{"embeddable":true,"href":"https:\/\/siby.se\/tweet\/wp-json\/wp\/v2\/comments?post=540"}],"version-history":[{"count":1,"href":"https:\/\/siby.se\/tweet\/wp-json\/wp\/v2\/posts\/540\/revisions"}],"predecessor-version":[{"id":542,"href":"https:\/\/siby.se\/tweet\/wp-json\/wp\/v2\/posts\/540\/revisions\/542"}],"wp:attachment":[{"href":"https:\/\/siby.se\/tweet\/wp-json\/wp\/v2\/media?parent=540"}],"wp:term":[{"taxonomy":"category","embeddable":true,"href":"https:\/\/siby.se\/tweet\/wp-json\/wp\/v2\/categories?post=540"},{"taxonomy":"post_tag","embeddable":true,"href":"https:\/\/siby.se\/tweet\/wp-json\/wp\/v2\/tags?post=540"}],"curies":[{"name":"wp","href":"https:\/\/api.w.org\/{rel}","templated":true}]}}