{"id":543,"date":"2014-05-19T20:10:22","date_gmt":"2014-05-19T20:10:22","guid":{"rendered":"http:\/\/siby.se\/tweet\/?p=543"},"modified":"2014-05-19T20:10:22","modified_gmt":"2014-05-19T20:10:22","slug":"petra","status":"publish","type":"post","link":"https:\/\/siby.se\/tweet\/blog\/2014\/05\/19\/petra\/","title":{"rendered":"!Petra!"},"content":{"rendered":"<p><a href=\"http:\/\/siby.se\/tweet\/wp-content\/uploads\/2014\/05\/20140515_212356.jpg\"><img loading=\"lazy\" class=\"alignnone size-full wp-image-544\" src=\"http:\/\/siby.se\/tweet\/wp-content\/uploads\/2014\/05\/20140515_212356.jpg\" alt=\"20140515_212356\" width=\"1920\" height=\"1080\" srcset=\"https:\/\/siby.se\/tweet\/wp-content\/uploads\/2014\/05\/20140515_212356.jpg 1920w, https:\/\/siby.se\/tweet\/wp-content\/uploads\/2014\/05\/20140515_212356-300x168.jpg 300w, https:\/\/siby.se\/tweet\/wp-content\/uploads\/2014\/05\/20140515_212356-500x281.jpg 500w\" sizes=\"(max-width: 1920px) 100vw, 1920px\" \/><\/a><\/p>\n<p>Det h\u00e4r \u00e4r v\u00e4rldens b\u00e4sta Petra, hennes fick jag m\u00f6jligheten att tr\u00e4ffa f\u00f6r f\u00f6rsta g\u00e5ngen f\u00f6r snart 2 \u00e5r sedan i lilla j\u00e4vla sket orten Erikstad som ligger mellan Br\u00e5landa och Mellerud. Tv\u00e5 f\u00f6rvirrade brudar som skulle lyckas ta oss igenom en vecka tillsammans d\u00e4r mitt uppdrag var att l\u00e4ra Petra allt jag kunde med att driva butiken som finns d\u00e4r. Jag vill bara s\u00e4ga att Petra \u00e4r v\u00e4rldens b\u00e4sta och jag tycker s\u00e5 mycket om henne! Idag \u00e4r jag v\u00e4ldigt v\u00e4ldigt glad att det var jag som \u00e5kte dit och fick l\u00e4ra k\u00e4nna denna fina fina Petra!<\/p>\n<p><a href=\"http:\/\/siby.se\/tweet\/wp-content\/uploads\/2014\/05\/20140515_212419.jpg\"><img loading=\"lazy\" class=\"alignnone size-full wp-image-545\" src=\"http:\/\/siby.se\/tweet\/wp-content\/uploads\/2014\/05\/20140515_212419.jpg\" alt=\"20140515_212419\" width=\"2064\" height=\"1161\" srcset=\"https:\/\/siby.se\/tweet\/wp-content\/uploads\/2014\/05\/20140515_212419.jpg 2064w, https:\/\/siby.se\/tweet\/wp-content\/uploads\/2014\/05\/20140515_212419-300x168.jpg 300w, https:\/\/siby.se\/tweet\/wp-content\/uploads\/2014\/05\/20140515_212419-500x281.jpg 500w\" sizes=\"(max-width: 2064px) 100vw, 2064px\" \/><\/a><\/p>\n<p>&nbsp;<\/p>\n<p>&nbsp;<\/p>\n","protected":false},"excerpt":{"rendered":"<p>Det h\u00e4r \u00e4r v\u00e4rldens b\u00e4sta Petra, hennes fick jag m\u00f6jligheten att tr\u00e4ffa f\u00f6r f\u00f6rsta g\u00e5ngen f\u00f6r snart 2 \u00e5r sedan i lilla j\u00e4vla sket orten Erikstad som ligger mellan Br\u00e5landa och Mellerud. Tv\u00e5 f\u00f6rvirrade brudar som skulle lyckas ta oss &hellip; <a href=\"https:\/\/siby.se\/tweet\/blog\/2014\/05\/19\/petra\/\">Forts\u00e4tt l\u00e4sa <span class=\"meta-nav\">&rarr;<\/span><\/a><\/p>\n","protected":false},"author":1,"featured_media":0,"comment_status":"open","ping_status":"open","sticky":false,"template":"","format":"standard","meta":[],"categories":[4],"tags":[],"_links":{"self":[{"href":"https:\/\/siby.se\/tweet\/wp-json\/wp\/v2\/posts\/543"}],"collection":[{"href":"https:\/\/siby.se\/tweet\/wp-json\/wp\/v2\/posts"}],"about":[{"href":"https:\/\/siby.se\/tweet\/wp-json\/wp\/v2\/types\/post"}],"author":[{"embeddable":true,"href":"https:\/\/siby.se\/tweet\/wp-json\/wp\/v2\/users\/1"}],"replies":[{"embeddable":true,"href":"https:\/\/siby.se\/tweet\/wp-json\/wp\/v2\/comments?post=543"}],"version-history":[{"count":1,"href":"https:\/\/siby.se\/tweet\/wp-json\/wp\/v2\/posts\/543\/revisions"}],"predecessor-version":[{"id":546,"href":"https:\/\/siby.se\/tweet\/wp-json\/wp\/v2\/posts\/543\/revisions\/546"}],"wp:attachment":[{"href":"https:\/\/siby.se\/tweet\/wp-json\/wp\/v2\/media?parent=543"}],"wp:term":[{"taxonomy":"category","embeddable":true,"href":"https:\/\/siby.se\/tweet\/wp-json\/wp\/v2\/categories?post=543"},{"taxonomy":"post_tag","embeddable":true,"href":"https:\/\/siby.se\/tweet\/wp-json\/wp\/v2\/tags?post=543"}],"curies":[{"name":"wp","href":"https:\/\/api.w.org\/{rel}","templated":true}]}}