{"id":550,"date":"2014-05-26T21:16:10","date_gmt":"2014-05-26T21:16:10","guid":{"rendered":"http:\/\/siby.se\/tweet\/?p=550"},"modified":"2014-05-26T21:17:19","modified_gmt":"2014-05-26T21:17:19","slug":"vad-hander","status":"publish","type":"post","link":"https:\/\/siby.se\/tweet\/blog\/2014\/05\/26\/vad-hander\/","title":{"rendered":"Vad h\u00e4nder?"},"content":{"rendered":"<p>F\u00f6rra veckan f\u00f6rsvann lika fort som den b\u00f6rjade, dagarna blir bara r\u00e4knade och helt pl\u00f6tsligt \u00e4r det fredag igen. Under veckan som gick har jag hunnit med en hel del ridning men inte s\u00e5 mycket l\u00f6pning. Gav mig en vecka &#8221;ledigt&#8221; och f\u00f6rs\u00f6ker dra ig\u00e5ng mig sj\u00e4lv igen under den h\u00e4r veckan MEN innan det m\u00e5ste jag reng\u00f6ra mins skor som fortfarande har ganska mycket pappersmassa p\u00e5 sig efter alla s\u00f6ndermosade pappersmuggar efter varvet. Har l\u00e4mnat in Rultan p\u00e5 service och det visar sig att en del st\u00f6rre ingrepp beh\u00f6vs g\u00f6ras s\u00e5 jag \u00e4r \u00e4n bill\u00f6s, s\u00e5 jag kommer ta cykeln till jobbet imorgon&#8230; s\u00e5 det blir ingen l\u00f6pning imorgon heller meeen kanske p\u00e5 torsdag. Det laddar jag f\u00f6r i alla fall. Gustav var h\u00e4r en sv\u00e4ng i helgen, vi firade Ulf som fyller 50 i dagarna.<\/p>\n<p>Lika fort som Gustav kom, \u00e5kte han igen f\u00f6r att g\u00f6ra det sista med plugget f\u00f6r att sen komma hem f\u00f6r sommaren. Sj\u00e4lv h\u00e5ller jag p\u00e5 att g\u00f6ra mina sista tv\u00e5 veckor innan 5 veckors semester.. sjukt mycket att hinna med innan men det ska nog g\u00e5.<\/p>\n<p>Har laddat ner mina bilder fr\u00e5n G\u00f6teborgsvarvet och sitter och sm\u00e5flinar lite hur jag ser ut.. vissa av bilderna \u00e4r v\u00e4ldigt talande om hur jag k\u00e4nner mig. Fast roliga att ha, ett litet bevis f\u00f6r mig sj\u00e4lv, f\u00f6rutom medaljen och nummerlappen. Jag f\u00e5r en liten lyckok\u00e4nsla i magen n\u00e4r jag t\u00e4nker tillbaka p\u00e5 allt. Hela \u00e5ret, all tr\u00e4ning, alla t\u00e5rar, all gl\u00e4dje och framf\u00f6r allt hur finare jag k\u00e4nner mig.<\/p>\n<p>Imorgon ser jag fram emot fint v\u00e4der men kanske inte den 2 mil l\u00e5nga cykelturen till jobbet.<\/p>\n","protected":false},"excerpt":{"rendered":"<p>F\u00f6rra veckan f\u00f6rsvann lika fort som den b\u00f6rjade, dagarna blir bara r\u00e4knade och helt pl\u00f6tsligt \u00e4r det fredag igen. Under veckan som gick har jag hunnit med en hel del ridning men inte s\u00e5 mycket l\u00f6pning. Gav mig en vecka &hellip; <a href=\"https:\/\/siby.se\/tweet\/blog\/2014\/05\/26\/vad-hander\/\">Forts\u00e4tt l\u00e4sa <span class=\"meta-nav\">&rarr;<\/span><\/a><\/p>\n","protected":false},"author":1,"featured_media":0,"comment_status":"open","ping_status":"open","sticky":false,"template":"","format":"standard","meta":[],"categories":[4],"tags":[],"_links":{"self":[{"href":"https:\/\/siby.se\/tweet\/wp-json\/wp\/v2\/posts\/550"}],"collection":[{"href":"https:\/\/siby.se\/tweet\/wp-json\/wp\/v2\/posts"}],"about":[{"href":"https:\/\/siby.se\/tweet\/wp-json\/wp\/v2\/types\/post"}],"author":[{"embeddable":true,"href":"https:\/\/siby.se\/tweet\/wp-json\/wp\/v2\/users\/1"}],"replies":[{"embeddable":true,"href":"https:\/\/siby.se\/tweet\/wp-json\/wp\/v2\/comments?post=550"}],"version-history":[{"count":3,"href":"https:\/\/siby.se\/tweet\/wp-json\/wp\/v2\/posts\/550\/revisions"}],"predecessor-version":[{"id":553,"href":"https:\/\/siby.se\/tweet\/wp-json\/wp\/v2\/posts\/550\/revisions\/553"}],"wp:attachment":[{"href":"https:\/\/siby.se\/tweet\/wp-json\/wp\/v2\/media?parent=550"}],"wp:term":[{"taxonomy":"category","embeddable":true,"href":"https:\/\/siby.se\/tweet\/wp-json\/wp\/v2\/categories?post=550"},{"taxonomy":"post_tag","embeddable":true,"href":"https:\/\/siby.se\/tweet\/wp-json\/wp\/v2\/tags?post=550"}],"curies":[{"name":"wp","href":"https:\/\/api.w.org\/{rel}","templated":true}]}}