{"id":564,"date":"2014-06-11T08:02:24","date_gmt":"2014-06-11T08:02:24","guid":{"rendered":"http:\/\/siby.se\/tweet\/?p=564"},"modified":"2014-06-11T08:02:24","modified_gmt":"2014-06-11T08:02:24","slug":"helgen-som-var","status":"publish","type":"post","link":"https:\/\/siby.se\/tweet\/blog\/2014\/06\/11\/helgen-som-var\/","title":{"rendered":"Helgen som var"},"content":{"rendered":"<p><a href=\"http:\/\/siby.se\/tweet\/wp-content\/uploads\/2014\/06\/IMG_20140609_233313.jpg\"><img loading=\"lazy\" class=\"alignnone size-full wp-image-565\" src=\"http:\/\/siby.se\/tweet\/wp-content\/uploads\/2014\/06\/IMG_20140609_233313.jpg\" alt=\"IMG_20140609_233313\" width=\"3456\" height=\"3456\" srcset=\"https:\/\/siby.se\/tweet\/wp-content\/uploads\/2014\/06\/IMG_20140609_233313.jpg 3456w, https:\/\/siby.se\/tweet\/wp-content\/uploads\/2014\/06\/IMG_20140609_233313-300x300.jpg 300w\" sizes=\"(max-width: 3456px) 100vw, 3456px\" \/><\/a><\/p>\n<ol>\n<li>Vi \u00e5kte massa bil, tr\u00e4ssberg-Uppsala, Uppsala-Stockholm. Stockholm-Uppsala, Uppsala-Hofors, Hofors-Falun, Falun-T\u00e4llberg, T\u00e4llberg-Sala, Sala-Uppsala, Uppsala-Skara och till sist Skara-Tr\u00e4ssberg = V\u00c4\u00c4LDIGT m\u00e5nga mil<\/li>\n<li>Jag badade i Lj\u00f6msebosj\u00f6n<\/li>\n<li>Vi \u00e5t god mat i T\u00e4llberg<\/li>\n<li>Shoppade alldeles f\u00f6r mycket<\/li>\n<li>Var nere i Sala silvergruva och fr\u00f6s om f\u00f6tterna<\/li>\n<li>H\u00e4lsade p\u00e5 min faster och farbror<\/li>\n<li>Kollade p\u00e5 Wiks slott<\/li>\n<li>Stod i rusningstrafik och tryckte i mig en p\u00e5se bilar<\/li>\n<li>Tog kort<\/li>\n<li>Sov l\u00e4\u00e4\u00e4nge<\/li>\n<\/ol>\n","protected":false},"excerpt":{"rendered":"<p>Vi \u00e5kte massa bil, tr\u00e4ssberg-Uppsala, Uppsala-Stockholm. Stockholm-Uppsala, Uppsala-Hofors, Hofors-Falun, Falun-T\u00e4llberg, T\u00e4llberg-Sala, Sala-Uppsala, Uppsala-Skara och till sist Skara-Tr\u00e4ssberg = V\u00c4\u00c4LDIGT m\u00e5nga mil Jag badade i Lj\u00f6msebosj\u00f6n Vi \u00e5t god mat i T\u00e4llberg Shoppade alldeles f\u00f6r mycket Var nere i Sala silvergruva &hellip; <a href=\"https:\/\/siby.se\/tweet\/blog\/2014\/06\/11\/helgen-som-var\/\">Forts\u00e4tt l\u00e4sa <span class=\"meta-nav\">&rarr;<\/span><\/a><\/p>\n","protected":false},"author":1,"featured_media":0,"comment_status":"open","ping_status":"open","sticky":false,"template":"","format":"standard","meta":[],"categories":[4],"tags":[],"_links":{"self":[{"href":"https:\/\/siby.se\/tweet\/wp-json\/wp\/v2\/posts\/564"}],"collection":[{"href":"https:\/\/siby.se\/tweet\/wp-json\/wp\/v2\/posts"}],"about":[{"href":"https:\/\/siby.se\/tweet\/wp-json\/wp\/v2\/types\/post"}],"author":[{"embeddable":true,"href":"https:\/\/siby.se\/tweet\/wp-json\/wp\/v2\/users\/1"}],"replies":[{"embeddable":true,"href":"https:\/\/siby.se\/tweet\/wp-json\/wp\/v2\/comments?post=564"}],"version-history":[{"count":1,"href":"https:\/\/siby.se\/tweet\/wp-json\/wp\/v2\/posts\/564\/revisions"}],"predecessor-version":[{"id":566,"href":"https:\/\/siby.se\/tweet\/wp-json\/wp\/v2\/posts\/564\/revisions\/566"}],"wp:attachment":[{"href":"https:\/\/siby.se\/tweet\/wp-json\/wp\/v2\/media?parent=564"}],"wp:term":[{"taxonomy":"category","embeddable":true,"href":"https:\/\/siby.se\/tweet\/wp-json\/wp\/v2\/categories?post=564"},{"taxonomy":"post_tag","embeddable":true,"href":"https:\/\/siby.se\/tweet\/wp-json\/wp\/v2\/tags?post=564"}],"curies":[{"name":"wp","href":"https:\/\/api.w.org\/{rel}","templated":true}]}}