{"id":59,"date":"2013-05-25T07:58:04","date_gmt":"2013-05-25T07:58:04","guid":{"rendered":"http:\/\/siby.se\/tweet\/?p=59"},"modified":"2013-05-25T07:59:03","modified_gmt":"2013-05-25T07:59:03","slug":"en-semesterdag","status":"publish","type":"post","link":"https:\/\/siby.se\/tweet\/blog\/2013\/05\/25\/en-semesterdag\/","title":{"rendered":"En semesterdag"},"content":{"rendered":"<p>I torsdags kv\u00e4ll tog jag bilen och for 2 1\/2 timme snett s\u00f6der ut f\u00f6r att bes\u00f6ka min fin fina v\u00e4n Louise (lishedlund.blogg.se) f\u00f6r hon skulle presentera sitt masterarbete om personlighet p\u00e5 kor.<\/p>\n<p>Runt tolv var jag framme och kraschade i Louise garderob runt halv ett? Sen upp f\u00f6r att ladda inf\u00f6r presentationen, mellan 8:20 till 15:00 fick jag lyssna p\u00e5 m\u00e5nga fina presentationer, speciellt den om kor, den stack ut \ud83d\ude42 Jag \u00e4r otroligt stolt \u00f6ver hur fint du presenterade och hur mycket du vuxit, jag \u00e4r grymt imponerad \u00f6ver hur proffsigt allt var.<\/p>\n<p>Sen tillbringades resten av dagen i v\u00e4nners goda lag med fika, korv och glatt snack. Jag satt mest och nj\u00f6t av att vara med, att lyssna och nicka lite grann.<\/p>\n<p><a href=\"http:\/\/siby.se\/tweet\/wp-content\/uploads\/2013\/05\/WP_000496.jpg\"><img loading=\"lazy\" class=\"size-full wp-image-60 aligncenter\" alt=\"WP_000496\" src=\"http:\/\/siby.se\/tweet\/wp-content\/uploads\/2013\/05\/WP_000496.jpg\" width=\"1224\" height=\"1632\" srcset=\"https:\/\/siby.se\/tweet\/wp-content\/uploads\/2013\/05\/WP_000496.jpg 1224w, https:\/\/siby.se\/tweet\/wp-content\/uploads\/2013\/05\/WP_000496-225x300.jpg 225w\" sizes=\"(max-width: 1224px) 100vw, 1224px\" \/><\/a><\/p>\n<p>&nbsp;<\/p>\n<p>Tack Louise f\u00f6r att jag f\u00e5r komma och lyssna, slappna av och bara njuta, Tack f\u00f6r att du har ett s\u00e5 mysigt hem och tack f\u00f6r att jag \u00e4r med p\u00e5 ett h\u00f6rn. F\u00f6r mig \u00e4r det\u00a0inspirerande och det ger mig energi. Nu orkar jag lite mer och jag l\u00e4ngtar lika mycket igen att komma tillbaka till din h\u00e4rliga v\u00e4rld.<\/p>\n<p>&nbsp;<\/p>\n","protected":false},"excerpt":{"rendered":"<p>I torsdags kv\u00e4ll tog jag bilen och for 2 1\/2 timme snett s\u00f6der ut f\u00f6r att bes\u00f6ka min fin fina v\u00e4n Louise (lishedlund.blogg.se) f\u00f6r hon skulle presentera sitt masterarbete om personlighet p\u00e5 kor. Runt tolv var jag framme och kraschade &hellip; <a href=\"https:\/\/siby.se\/tweet\/blog\/2013\/05\/25\/en-semesterdag\/\">Forts\u00e4tt l\u00e4sa <span class=\"meta-nav\">&rarr;<\/span><\/a><\/p>\n","protected":false},"author":1,"featured_media":0,"comment_status":"open","ping_status":"open","sticky":false,"template":"","format":"standard","meta":[],"categories":[1],"tags":[],"_links":{"self":[{"href":"https:\/\/siby.se\/tweet\/wp-json\/wp\/v2\/posts\/59"}],"collection":[{"href":"https:\/\/siby.se\/tweet\/wp-json\/wp\/v2\/posts"}],"about":[{"href":"https:\/\/siby.se\/tweet\/wp-json\/wp\/v2\/types\/post"}],"author":[{"embeddable":true,"href":"https:\/\/siby.se\/tweet\/wp-json\/wp\/v2\/users\/1"}],"replies":[{"embeddable":true,"href":"https:\/\/siby.se\/tweet\/wp-json\/wp\/v2\/comments?post=59"}],"version-history":[{"count":4,"href":"https:\/\/siby.se\/tweet\/wp-json\/wp\/v2\/posts\/59\/revisions"}],"predecessor-version":[{"id":64,"href":"https:\/\/siby.se\/tweet\/wp-json\/wp\/v2\/posts\/59\/revisions\/64"}],"wp:attachment":[{"href":"https:\/\/siby.se\/tweet\/wp-json\/wp\/v2\/media?parent=59"}],"wp:term":[{"taxonomy":"category","embeddable":true,"href":"https:\/\/siby.se\/tweet\/wp-json\/wp\/v2\/categories?post=59"},{"taxonomy":"post_tag","embeddable":true,"href":"https:\/\/siby.se\/tweet\/wp-json\/wp\/v2\/tags?post=59"}],"curies":[{"name":"wp","href":"https:\/\/api.w.org\/{rel}","templated":true}]}}