{"id":612,"date":"2014-07-05T20:04:48","date_gmt":"2014-07-05T20:04:48","guid":{"rendered":"http:\/\/siby.se\/tweet\/?p=612"},"modified":"2014-07-05T20:04:48","modified_gmt":"2014-07-05T20:04:48","slug":"rabarberpaj","status":"publish","type":"post","link":"https:\/\/siby.se\/tweet\/blog\/2014\/07\/05\/rabarberpaj\/","title":{"rendered":"Rabarberpaj"},"content":{"rendered":"<p>I torsdags bakade jag rabarberpaj n\u00e4r hovslagaren var p\u00e5 bes\u00f6k och fixade till de sista tv\u00e5 f\u00f6r den h\u00e4r g\u00e5ngen. S\u00e5g d\u00e5 till att g\u00f6ra iordning lite fika innan han gav sig av. Plockade av v\u00e5r egen odlade rabarber.<br \/>\n<a href=\"http:\/\/siby.se\/tweet\/wp-content\/uploads\/2014\/07\/20140703_104824.jpg\"><img loading=\"lazy\" class=\"alignnone size-full wp-image-614\" src=\"http:\/\/siby.se\/tweet\/wp-content\/uploads\/2014\/07\/20140703_104824.jpg\" alt=\"20140703_104824\" width=\"1920\" height=\"1080\" srcset=\"https:\/\/siby.se\/tweet\/wp-content\/uploads\/2014\/07\/20140703_104824.jpg 1920w, https:\/\/siby.se\/tweet\/wp-content\/uploads\/2014\/07\/20140703_104824-300x168.jpg 300w, https:\/\/siby.se\/tweet\/wp-content\/uploads\/2014\/07\/20140703_104824-500x281.jpg 500w\" sizes=\"(max-width: 1920px) 100vw, 1920px\" \/><\/a><\/p>\n<p>Jag gjorde pajen p\u00e5 egen hand utan att anv\u00e4nda n\u00e5got recept, hade ett hum om hur jag ville ha smuldegen men pytsade ihop de olika ingredienserna som jag sj\u00e4lv behagade. Jag sm\u00e4lte 150 g sm\u00f6r, n\u00e5gon dl socker, mj\u00f6l s\u00e5 det k\u00e4ndes bra osv&#8230; ugnen hamnde p\u00e5 200 grader och pajen stod i ugnen ca 20-25 min. Serverade pajen med vaniljs\u00e5s, mycket mycket gott!!<\/p>\n","protected":false},"excerpt":{"rendered":"<p>I torsdags bakade jag rabarberpaj n\u00e4r hovslagaren var p\u00e5 bes\u00f6k och fixade till de sista tv\u00e5 f\u00f6r den h\u00e4r g\u00e5ngen. S\u00e5g d\u00e5 till att g\u00f6ra iordning lite fika innan han gav sig av. Plockade av v\u00e5r egen odlade rabarber. Jag &hellip; <a href=\"https:\/\/siby.se\/tweet\/blog\/2014\/07\/05\/rabarberpaj\/\">Forts\u00e4tt l\u00e4sa <span class=\"meta-nav\">&rarr;<\/span><\/a><\/p>\n","protected":false},"author":1,"featured_media":0,"comment_status":"open","ping_status":"open","sticky":false,"template":"","format":"standard","meta":[],"categories":[5],"tags":[],"_links":{"self":[{"href":"https:\/\/siby.se\/tweet\/wp-json\/wp\/v2\/posts\/612"}],"collection":[{"href":"https:\/\/siby.se\/tweet\/wp-json\/wp\/v2\/posts"}],"about":[{"href":"https:\/\/siby.se\/tweet\/wp-json\/wp\/v2\/types\/post"}],"author":[{"embeddable":true,"href":"https:\/\/siby.se\/tweet\/wp-json\/wp\/v2\/users\/1"}],"replies":[{"embeddable":true,"href":"https:\/\/siby.se\/tweet\/wp-json\/wp\/v2\/comments?post=612"}],"version-history":[{"count":1,"href":"https:\/\/siby.se\/tweet\/wp-json\/wp\/v2\/posts\/612\/revisions"}],"predecessor-version":[{"id":615,"href":"https:\/\/siby.se\/tweet\/wp-json\/wp\/v2\/posts\/612\/revisions\/615"}],"wp:attachment":[{"href":"https:\/\/siby.se\/tweet\/wp-json\/wp\/v2\/media?parent=612"}],"wp:term":[{"taxonomy":"category","embeddable":true,"href":"https:\/\/siby.se\/tweet\/wp-json\/wp\/v2\/categories?post=612"},{"taxonomy":"post_tag","embeddable":true,"href":"https:\/\/siby.se\/tweet\/wp-json\/wp\/v2\/tags?post=612"}],"curies":[{"name":"wp","href":"https:\/\/api.w.org\/{rel}","templated":true}]}}