{"id":639,"date":"2014-07-20T08:31:18","date_gmt":"2014-07-20T08:31:18","guid":{"rendered":"http:\/\/siby.se\/tweet\/?p=639"},"modified":"2014-07-20T08:37:17","modified_gmt":"2014-07-20T08:37:17","slug":"fragan-om-varfor-jag-alskar-hastar","status":"publish","type":"post","link":"https:\/\/siby.se\/tweet\/blog\/2014\/07\/20\/fragan-om-varfor-jag-alskar-hastar\/","title":{"rendered":"Fr\u00e5gan om varf\u00f6r jag \u00e4lskar h\u00e4star"},"content":{"rendered":"<p><a href=\"http:\/\/siby.se\/tweet\/wp-content\/uploads\/2013\/05\/cropped-IMG_8410.jpg\"><img loading=\"lazy\" class=\"alignnone size-full wp-image-42\" src=\"http:\/\/siby.se\/tweet\/wp-content\/uploads\/2013\/05\/cropped-IMG_8410.jpg\" alt=\"cropped-IMG_8410.jpg\" width=\"1000\" height=\"288\" srcset=\"https:\/\/siby.se\/tweet\/wp-content\/uploads\/2013\/05\/cropped-IMG_8410.jpg 1000w, https:\/\/siby.se\/tweet\/wp-content\/uploads\/2013\/05\/cropped-IMG_8410-300x86.jpg 300w, https:\/\/siby.se\/tweet\/wp-content\/uploads\/2013\/05\/cropped-IMG_8410-500x144.jpg 500w\" sizes=\"(max-width: 1000px) 100vw, 1000px\" \/><\/a><br \/>\nJag fick fr\u00e5gan f\u00f6r ett tag sen och jag svarade lite trevande att det \u00e4r ju samspelet mellan 75 kg tunga jag och den 600 kg tunga h\u00e4sten, att vi gemensamt kan uppn\u00e5 galoppombyten, hoppa 130, rygga eller bara andas. V\u00e5r frihets k\u00e4nsla, h\u00e4sten blir min f\u00f6rl\u00e4ngda arm och gl\u00e4djen n\u00e4r det klickar. Jag tror inte personen ifr\u00e5ga vad n\u00f6jd med svaret utan fick bara acceptera att jag \u00e4lskar h\u00e4star och det \u00e4r n\u00e5got obegripligt \u00f6ver det. Allt ovan \u00e4r sant, det \u00e4r s\u00e5 jag definierar min k\u00e4rlek till mina h\u00e4star men det var inte f\u00f6r \u00e4n idag som polletten verkligen trillade ner. Jag somnade tv\u00e4r och vaknade tv\u00e4r, \u00e5ngesten kr\u00f6p i mig som segt slem och jag ville bara ligga kvar och t\u00e4nka.<br \/>\nMor lirkade med mig och fick mig upp ur s\u00e4ngen f\u00f6r att rida, det \u00e4r faan i mig inte i s\u00e4ngen jag ska t\u00e4nka utan i sadeln. D\u00e4r uppe samlas tankarna i sina fack och jag kan l\u00e4tt sortera dem samtidigt som ja korrigerar Galina \u00e5t h\u00f6ger eller v\u00e4nster. N\u00e4r Galina frustar sjunker jag l\u00e4ngre in i mig sj\u00e4lv och finner klarhet i mina k\u00e4nslor och orosmoment. Det var en skit grej som fick jag ur balans och jag ifr\u00e5gas\u00e4tter mina val men inte n\u00e4r jag \u00e4r i sadeln. D\u00e4r \u00e4r jag glasklar med vad jag vill och det beslut, ett ganska stor beslut som jag nyss fattat f\u00f6r mig sj\u00e4lv det \u00e4r inget p\u00e5skyndat, hastigt beslut utan i det h\u00e4r l\u00e4get ett v\u00e4l\u00a0avv\u00e4gt beslut som funnit inom mig sen jag var liten.<br \/>\nJag \u00e4r l\u00e4ttp\u00e5verkad och omgivningen f\u00e5r mig att fega, det f\u00f6rv\u00e4ntas att jag ska dra \u00e5t ett h\u00e5ll n\u00e4r jag inser att jag egentligen g\u00e5r \u00e5t motsatt. Det \u00e4r ingen l\u00e4tt balansg\u00e5ng att f\u00f6rs\u00f6ka vada genom alla tankar och \u00f6nskningar. Mitt hopp \u00e4r det jag lever f\u00f6r och \u00e4n finns det kvar inom mig. H\u00e4starna f\u00e5r mig att se mellan raderna, att sortera sorlet i huvudet. De \u00e4r f\u00f6r mig livsn\u00f6dv\u00e4ndiga f\u00f6r att jag ska st\u00e5 med b\u00e5da f\u00f6tterna p\u00e5 jorden.<\/p>\n<p>Nu\u00a0vill jag sitta med en kopp te och ha bruken full med skorpor som jag kan knapra p\u00e5, s\u00e5 du som k\u00e4nner dig sugen, Varmt v\u00e4lkommen! &lt;3 Jag bjuder!<br \/>\n<img loading=\"lazy\" class=\"alignnone size-full wp-image-481\" src=\"http:\/\/siby.se\/tweet\/wp-content\/uploads\/2014\/03\/IMG_20140310_180035.jpg\" alt=\"IMG_20140310_180035\" width=\"1536\" height=\"1536\" srcset=\"https:\/\/siby.se\/tweet\/wp-content\/uploads\/2014\/03\/IMG_20140310_180035.jpg 1536w, https:\/\/siby.se\/tweet\/wp-content\/uploads\/2014\/03\/IMG_20140310_180035-300x300.jpg 300w\" sizes=\"(max-width: 1536px) 100vw, 1536px\" \/><\/p>\n<p><a href=\"http:\/\/siby.se\/tweet\/wp-content\/uploads\/2013\/06\/WP_000541.jpg\"><img loading=\"lazy\" class=\"alignnone size-full wp-image-79\" src=\"http:\/\/siby.se\/tweet\/wp-content\/uploads\/2013\/06\/WP_000541.jpg\" alt=\"WP_000541\" width=\"1632\" height=\"1224\" srcset=\"https:\/\/siby.se\/tweet\/wp-content\/uploads\/2013\/06\/WP_000541.jpg 1632w, https:\/\/siby.se\/tweet\/wp-content\/uploads\/2013\/06\/WP_000541-300x225.jpg 300w, https:\/\/siby.se\/tweet\/wp-content\/uploads\/2013\/06\/WP_000541-400x300.jpg 400w\" sizes=\"(max-width: 1632px) 100vw, 1632px\" \/><\/a><\/p>\n<p><a href=\"http:\/\/siby.se\/tweet\/wp-content\/uploads\/2013\/04\/WP_000107.jpg\"><img loading=\"lazy\" class=\"alignnone size-full wp-image-5\" src=\"http:\/\/siby.se\/tweet\/wp-content\/uploads\/2013\/04\/WP_000107.jpg\" alt=\"WP_000107\" width=\"1632\" height=\"1224\" srcset=\"https:\/\/siby.se\/tweet\/wp-content\/uploads\/2013\/04\/WP_000107.jpg 1632w, https:\/\/siby.se\/tweet\/wp-content\/uploads\/2013\/04\/WP_000107-300x225.jpg 300w, https:\/\/siby.se\/tweet\/wp-content\/uploads\/2013\/04\/WP_000107-1024x768.jpg 1024w, https:\/\/siby.se\/tweet\/wp-content\/uploads\/2013\/04\/WP_000107-400x300.jpg 400w\" sizes=\"(max-width: 1632px) 100vw, 1632px\" \/><\/a><\/p>\n","protected":false},"excerpt":{"rendered":"<p>Jag fick fr\u00e5gan f\u00f6r ett tag sen och jag svarade lite trevande att det \u00e4r ju samspelet mellan 75 kg tunga jag och den 600 kg tunga h\u00e4sten, att vi gemensamt kan uppn\u00e5 galoppombyten, hoppa 130, rygga eller bara andas. &hellip; <a href=\"https:\/\/siby.se\/tweet\/blog\/2014\/07\/20\/fragan-om-varfor-jag-alskar-hastar\/\">Forts\u00e4tt l\u00e4sa <span class=\"meta-nav\">&rarr;<\/span><\/a><\/p>\n","protected":false},"author":1,"featured_media":0,"comment_status":"open","ping_status":"open","sticky":false,"template":"","format":"standard","meta":[],"categories":[3],"tags":[],"_links":{"self":[{"href":"https:\/\/siby.se\/tweet\/wp-json\/wp\/v2\/posts\/639"}],"collection":[{"href":"https:\/\/siby.se\/tweet\/wp-json\/wp\/v2\/posts"}],"about":[{"href":"https:\/\/siby.se\/tweet\/wp-json\/wp\/v2\/types\/post"}],"author":[{"embeddable":true,"href":"https:\/\/siby.se\/tweet\/wp-json\/wp\/v2\/users\/1"}],"replies":[{"embeddable":true,"href":"https:\/\/siby.se\/tweet\/wp-json\/wp\/v2\/comments?post=639"}],"version-history":[{"count":4,"href":"https:\/\/siby.se\/tweet\/wp-json\/wp\/v2\/posts\/639\/revisions"}],"predecessor-version":[{"id":643,"href":"https:\/\/siby.se\/tweet\/wp-json\/wp\/v2\/posts\/639\/revisions\/643"}],"wp:attachment":[{"href":"https:\/\/siby.se\/tweet\/wp-json\/wp\/v2\/media?parent=639"}],"wp:term":[{"taxonomy":"category","embeddable":true,"href":"https:\/\/siby.se\/tweet\/wp-json\/wp\/v2\/categories?post=639"},{"taxonomy":"post_tag","embeddable":true,"href":"https:\/\/siby.se\/tweet\/wp-json\/wp\/v2\/tags?post=639"}],"curies":[{"name":"wp","href":"https:\/\/api.w.org\/{rel}","templated":true}]}}