{"id":649,"date":"2014-08-05T15:18:57","date_gmt":"2014-08-05T15:18:57","guid":{"rendered":"http:\/\/siby.se\/tweet\/?p=649"},"modified":"2014-08-05T15:19:49","modified_gmt":"2014-08-05T15:19:49","slug":"hur-gar-det-med-galina","status":"publish","type":"post","link":"https:\/\/siby.se\/tweet\/blog\/2014\/08\/05\/hur-gar-det-med-galina\/","title":{"rendered":"Hur g\u00e5r det med Galina?"},"content":{"rendered":"<p>Det var ett tag sedan jag ens n\u00e4mde n\u00e5got om Galinas tillvaro, det \u00e4r nu 1 \u00e5r sedan som jag fick konstaterat att Galina hade sv\u00e5ra p\u00e5lagringar p\u00e5 hovleden, b\u00e5da fram, vilket gjorde att hon hade sv\u00e5ra inflammationer. Galina blev behandlad med Cortison och tuppkam tv\u00e5 g\u00e5nger i v\u00e4nster fram och en g\u00e5ng i h\u00f6ger. Hon vilade i exakt 3 m\u00e5nader fr\u00e5n all ridning. Fr\u00e5n att ha ridit 5-6 dagar i veckan till noll, jag trodde att Galina skulle g\u00e5 i taket men hon tog verkligen sin vila med ro, f\u00f6rutom n\u00e4r vi bytte t\u00e4cken. D\u00e5 hatade hon oss verkligen.<\/p>\n<p>Jag har under tiden l\u00e5tit Galina bli behandlad av Charlotta Lindgren pga sv\u00e5ra l\u00e5sningar i bakdelen samt bogen. Vi har tr\u00e4ffat henne 3 g\u00e5nger och ska nu snart i p\u00e5 den 4:e. Charlotta har ett yrke som jag dr\u00f6mmer om, att f\u00e5 v\u00e5rda och rehabilitera h\u00e4star p\u00e5 det s\u00e4ttet hon g\u00f6r, skulle f\u00f6r mig vara en dr\u00f6m.<\/p>\n<p>I fredags tr\u00e4nade jag f\u00f6r Eva-Karin Oscarsson, allt st\u00e4mde bra f\u00f6rutom ett bakben, vilket kan vara min ridnings fel, jag har f\u00e5tt massa l\u00e4xor som skall g\u00f6ra inf\u00f6r v\u00e5rt n\u00e4sta pass i oktober.<\/p>\n<p>Jag har under sommaren ridit Galina\u00a0max 4 dagar i veckan i n\u00e4stan bara skritt, ev 1 dag med mer jobb, allt f\u00f6r att st\u00e4rka hennes muskler. H\u00f6sten ser ut att bli likadan, s\u00e5 h\u00e5ll tummarna att min prinsessa f\u00e5r lov att vara helt frisk n\u00e4sta \u00e5r.<\/p>\n","protected":false},"excerpt":{"rendered":"<p>Det var ett tag sedan jag ens n\u00e4mde n\u00e5got om Galinas tillvaro, det \u00e4r nu 1 \u00e5r sedan som jag fick konstaterat att Galina hade sv\u00e5ra p\u00e5lagringar p\u00e5 hovleden, b\u00e5da fram, vilket gjorde att hon hade sv\u00e5ra inflammationer. Galina blev &hellip; <a href=\"https:\/\/siby.se\/tweet\/blog\/2014\/08\/05\/hur-gar-det-med-galina\/\">Forts\u00e4tt l\u00e4sa <span class=\"meta-nav\">&rarr;<\/span><\/a><\/p>\n","protected":false},"author":1,"featured_media":0,"comment_status":"open","ping_status":"open","sticky":false,"template":"","format":"standard","meta":[],"categories":[4],"tags":[],"_links":{"self":[{"href":"https:\/\/siby.se\/tweet\/wp-json\/wp\/v2\/posts\/649"}],"collection":[{"href":"https:\/\/siby.se\/tweet\/wp-json\/wp\/v2\/posts"}],"about":[{"href":"https:\/\/siby.se\/tweet\/wp-json\/wp\/v2\/types\/post"}],"author":[{"embeddable":true,"href":"https:\/\/siby.se\/tweet\/wp-json\/wp\/v2\/users\/1"}],"replies":[{"embeddable":true,"href":"https:\/\/siby.se\/tweet\/wp-json\/wp\/v2\/comments?post=649"}],"version-history":[{"count":2,"href":"https:\/\/siby.se\/tweet\/wp-json\/wp\/v2\/posts\/649\/revisions"}],"predecessor-version":[{"id":651,"href":"https:\/\/siby.se\/tweet\/wp-json\/wp\/v2\/posts\/649\/revisions\/651"}],"wp:attachment":[{"href":"https:\/\/siby.se\/tweet\/wp-json\/wp\/v2\/media?parent=649"}],"wp:term":[{"taxonomy":"category","embeddable":true,"href":"https:\/\/siby.se\/tweet\/wp-json\/wp\/v2\/categories?post=649"},{"taxonomy":"post_tag","embeddable":true,"href":"https:\/\/siby.se\/tweet\/wp-json\/wp\/v2\/tags?post=649"}],"curies":[{"name":"wp","href":"https:\/\/api.w.org\/{rel}","templated":true}]}}