{"id":657,"date":"2014-08-25T13:32:07","date_gmt":"2014-08-25T13:32:07","guid":{"rendered":"http:\/\/siby.se\/tweet\/?p=657"},"modified":"2014-08-25T13:32:07","modified_gmt":"2014-08-25T13:32:07","slug":"du-finner-mig-med-nasan-i-en-bok","status":"publish","type":"post","link":"https:\/\/siby.se\/tweet\/blog\/2014\/08\/25\/du-finner-mig-med-nasan-i-en-bok\/","title":{"rendered":"du finner mig med n\u00e4san i en bok"},"content":{"rendered":"<p>just nu l\u00e4ser jag det mesta jag kan komma \u00e5t, f\u00f6rsvinner bort mellan raderna och l\u00e5ter tankarna fl\u00f6da och s\u00e5 \u00e4r jag borta Det \u00e4r bara boken och jag som existerar, helt underbart<\/p>\n","protected":false},"excerpt":{"rendered":"<p>just nu l\u00e4ser jag det mesta jag kan komma \u00e5t, f\u00f6rsvinner bort mellan raderna och l\u00e5ter tankarna fl\u00f6da och s\u00e5 \u00e4r jag borta Det \u00e4r bara boken och jag som existerar, helt underbart<\/p>\n","protected":false},"author":1,"featured_media":0,"comment_status":"open","ping_status":"open","sticky":false,"template":"","format":"standard","meta":[],"categories":[4],"tags":[],"_links":{"self":[{"href":"https:\/\/siby.se\/tweet\/wp-json\/wp\/v2\/posts\/657"}],"collection":[{"href":"https:\/\/siby.se\/tweet\/wp-json\/wp\/v2\/posts"}],"about":[{"href":"https:\/\/siby.se\/tweet\/wp-json\/wp\/v2\/types\/post"}],"author":[{"embeddable":true,"href":"https:\/\/siby.se\/tweet\/wp-json\/wp\/v2\/users\/1"}],"replies":[{"embeddable":true,"href":"https:\/\/siby.se\/tweet\/wp-json\/wp\/v2\/comments?post=657"}],"version-history":[{"count":1,"href":"https:\/\/siby.se\/tweet\/wp-json\/wp\/v2\/posts\/657\/revisions"}],"predecessor-version":[{"id":658,"href":"https:\/\/siby.se\/tweet\/wp-json\/wp\/v2\/posts\/657\/revisions\/658"}],"wp:attachment":[{"href":"https:\/\/siby.se\/tweet\/wp-json\/wp\/v2\/media?parent=657"}],"wp:term":[{"taxonomy":"category","embeddable":true,"href":"https:\/\/siby.se\/tweet\/wp-json\/wp\/v2\/categories?post=657"},{"taxonomy":"post_tag","embeddable":true,"href":"https:\/\/siby.se\/tweet\/wp-json\/wp\/v2\/tags?post=657"}],"curies":[{"name":"wp","href":"https:\/\/api.w.org\/{rel}","templated":true}]}}