{"id":665,"date":"2014-09-11T08:49:40","date_gmt":"2014-09-11T08:49:40","guid":{"rendered":"http:\/\/siby.se\/tweet\/?p=665"},"modified":"2014-09-11T08:49:40","modified_gmt":"2014-09-11T08:49:40","slug":"hair","status":"publish","type":"post","link":"https:\/\/siby.se\/tweet\/blog\/2014\/09\/11\/hair\/","title":{"rendered":"Hair"},"content":{"rendered":"<p><a href=\"http:\/\/siby.se\/tweet\/wp-content\/uploads\/2014\/09\/IMG_20140904_232014.jpg\"><img loading=\"lazy\" class=\"alignnone size-full wp-image-666\" src=\"http:\/\/siby.se\/tweet\/wp-content\/uploads\/2014\/09\/IMG_20140904_232014.jpg\" alt=\"IMG_20140904_232014\" width=\"2322\" height=\"2322\" srcset=\"https:\/\/siby.se\/tweet\/wp-content\/uploads\/2014\/09\/IMG_20140904_232014.jpg 2322w, https:\/\/siby.se\/tweet\/wp-content\/uploads\/2014\/09\/IMG_20140904_232014-300x300.jpg 300w\" sizes=\"(max-width: 2322px) 100vw, 2322px\" \/><\/a><br \/>\nJag har klippt av mig h\u00e5ret och jag \u00e4r s\u00e5\u00e5\u00e5 himla n\u00f6jd! Trodde aldrig att jag skulle passa s\u00e5 bra i det som jag g\u00f6r. Vi \u00e4r inte alltid \u00f6verens men 85% av alla g\u00e5nger l\u00e4gger sig lugg och annat h\u00e5r i kalufsen som jag vill och vi tillsamman \u00e4r super fina.<br \/>\nMore pictures to come with me and my shorty hair &lt;3<\/p>\n<p>&nbsp;<\/p>\n","protected":false},"excerpt":{"rendered":"<p>Jag har klippt av mig h\u00e5ret och jag \u00e4r s\u00e5\u00e5\u00e5 himla n\u00f6jd! Trodde aldrig att jag skulle passa s\u00e5 bra i det som jag g\u00f6r. Vi \u00e4r inte alltid \u00f6verens men 85% av alla g\u00e5nger l\u00e4gger sig lugg och annat &hellip; <a href=\"https:\/\/siby.se\/tweet\/blog\/2014\/09\/11\/hair\/\">Forts\u00e4tt l\u00e4sa <span class=\"meta-nav\">&rarr;<\/span><\/a><\/p>\n","protected":false},"author":1,"featured_media":0,"comment_status":"open","ping_status":"open","sticky":false,"template":"","format":"standard","meta":[],"categories":[7],"tags":[],"_links":{"self":[{"href":"https:\/\/siby.se\/tweet\/wp-json\/wp\/v2\/posts\/665"}],"collection":[{"href":"https:\/\/siby.se\/tweet\/wp-json\/wp\/v2\/posts"}],"about":[{"href":"https:\/\/siby.se\/tweet\/wp-json\/wp\/v2\/types\/post"}],"author":[{"embeddable":true,"href":"https:\/\/siby.se\/tweet\/wp-json\/wp\/v2\/users\/1"}],"replies":[{"embeddable":true,"href":"https:\/\/siby.se\/tweet\/wp-json\/wp\/v2\/comments?post=665"}],"version-history":[{"count":1,"href":"https:\/\/siby.se\/tweet\/wp-json\/wp\/v2\/posts\/665\/revisions"}],"predecessor-version":[{"id":667,"href":"https:\/\/siby.se\/tweet\/wp-json\/wp\/v2\/posts\/665\/revisions\/667"}],"wp:attachment":[{"href":"https:\/\/siby.se\/tweet\/wp-json\/wp\/v2\/media?parent=665"}],"wp:term":[{"taxonomy":"category","embeddable":true,"href":"https:\/\/siby.se\/tweet\/wp-json\/wp\/v2\/categories?post=665"},{"taxonomy":"post_tag","embeddable":true,"href":"https:\/\/siby.se\/tweet\/wp-json\/wp\/v2\/tags?post=665"}],"curies":[{"name":"wp","href":"https:\/\/api.w.org\/{rel}","templated":true}]}}