{"id":668,"date":"2014-09-11T10:17:55","date_gmt":"2014-09-11T10:17:55","guid":{"rendered":"http:\/\/siby.se\/tweet\/?p=668"},"modified":"2014-09-11T10:17:55","modified_gmt":"2014-09-11T10:17:55","slug":"10-saker-jag-drommer-om-just-nu","status":"publish","type":"post","link":"https:\/\/siby.se\/tweet\/blog\/2014\/09\/11\/10-saker-jag-drommer-om-just-nu\/","title":{"rendered":"10 saker jag dr\u00f6mmer om just nu"},"content":{"rendered":"<p>En lista jag fann fr\u00e5n <a href=\"http:\/\/www.emmasvintage.se\/\" target=\"_blank\">emmasvintage<\/a><\/p>\n<p>1. <strong>Ett hem <\/strong>att f\u00e5 pyssla och jobba med, att bo i ett rum n\u00e4sta h\u00e4starna \u00e4r fantastiskt men jag l\u00e4ngtar d\u00e5 jag kan f\u00e5 m\u00e5la, inreda och f\u00f6rverkliga min dr\u00f6mmar. I ett hus som har fler \u00e4n ett rum.<br \/>\n<a href=\"http:\/\/siby.se\/tweet\/wp-content\/uploads\/2013\/07\/WP_000593.jpg\"><img loading=\"lazy\" class=\"alignnone size-full wp-image-121\" src=\"http:\/\/siby.se\/tweet\/wp-content\/uploads\/2013\/07\/WP_000593.jpg\" alt=\"WP_000593\" width=\"1224\" height=\"1632\" srcset=\"https:\/\/siby.se\/tweet\/wp-content\/uploads\/2013\/07\/WP_000593.jpg 1224w, https:\/\/siby.se\/tweet\/wp-content\/uploads\/2013\/07\/WP_000593-225x300.jpg 225w\" sizes=\"(max-width: 1224px) 100vw, 1224px\" \/><\/a><br \/>\n2. <strong>Pysselenergi <\/strong>att fram mana, jag har s\u00e5 m\u00e5nga id\u00e9er och projekt jag vill genomf\u00f6ra men orken finns inte riktigt med mig och jag startar halvf\u00e4rdiga projekt och orkar inte g\u00f6ra klart, kanske borde skaffa mig en projektbok?<\/p>\n<p>3. <strong>Tredje boken i 50 shades of grey <\/strong>ligger nog allra h\u00f6gst upp p\u00e5 att-vilja-l\u00e4sa listan, oavsett hur mycket tantsnusk det \u00e4r i den s\u00e5 ger den mig rysningar hur k\u00e4rleken i den beskrivs och besattheten av en annan m\u00e4nniska. Det f\u00e5r kroppen att fatta eld.<\/p>\n<p>4. <strong>Te och skorpor <\/strong>framf\u00f6r en bra film med en filt \u00f6ver kn\u00e4na och Brummel p\u00e5 ena och Bastian p\u00e5 andra sidan.<br \/>\n<a href=\"http:\/\/siby.se\/tweet\/wp-content\/uploads\/2013\/09\/IMG_9515-Kopia.jpg\"><img loading=\"lazy\" class=\"alignnone size-full wp-image-193\" src=\"http:\/\/siby.se\/tweet\/wp-content\/uploads\/2013\/09\/IMG_9515-Kopia.jpg\" alt=\"IMG_9515 - Kopia\" width=\"1068\" height=\"712\" srcset=\"https:\/\/siby.se\/tweet\/wp-content\/uploads\/2013\/09\/IMG_9515-Kopia.jpg 1068w, https:\/\/siby.se\/tweet\/wp-content\/uploads\/2013\/09\/IMG_9515-Kopia-300x200.jpg 300w, https:\/\/siby.se\/tweet\/wp-content\/uploads\/2013\/09\/IMG_9515-Kopia-450x300.jpg 450w\" sizes=\"(max-width: 1068px) 100vw, 1068px\" \/><\/a><br \/>\n5. <strong>Struktur p\u00e5 livet <\/strong>vore himla bra, att leva i ett bombnedslag har sina nackdelar<\/p>\n<p>6. <strong>Lussekatter <\/strong>med mycket saffran i, finns det n\u00e5got godare \u00e4n nybakta lussekatter att frossa i.<\/p>\n<p>7. <strong>Ett par nya l\u00f6parskor <\/strong>efterson jag antagligen inte kommer f\u00e5 mina \u00e4lskade skor rena efter tjurruset. Mina skor som \u00f6verlevde G\u00f6teborgsvarvet. color me rad och nu tjurruset plus en massa mil utanf\u00f6r loppen.<br \/>\n<a href=\"http:\/\/siby.se\/tweet\/wp-content\/uploads\/2014\/05\/m\u00e5lfoto-GBG-2014.jpg\"><img loading=\"lazy\" class=\"alignnone size-full wp-image-541\" src=\"http:\/\/siby.se\/tweet\/wp-content\/uploads\/2014\/05\/m\u00e5lfoto-GBG-2014.jpg\" alt=\"m\u00e5lfoto GBG 2014\" width=\"542\" height=\"960\" srcset=\"https:\/\/siby.se\/tweet\/wp-content\/uploads\/2014\/05\/m\u00e5lfoto-GBG-2014.jpg 542w, https:\/\/siby.se\/tweet\/wp-content\/uploads\/2014\/05\/m\u00e5lfoto-GBG-2014-169x300.jpg 169w\" sizes=\"(max-width: 542px) 100vw, 542px\" \/><\/a><br \/>\n8. <strong>Lotta Bj\u00f6re tr\u00e4ningen <\/strong>som \u00e4r i oktober, d\u00e5 ska jag och Caruso trimmas till att bli ett b\u00e4ttre team. Jag k\u00e4nner mig lycklig \u00f6ver att kunna ge mig sj\u00e4lv den tr\u00e4ningen att f\u00e5 rida f\u00f6r en tr\u00e4nare som sj\u00e4lv ridit p\u00e5 elitniv\u00e5 och jobbar med s\u00e5 m\u00e5nga olika tr\u00e4nare. Lotta f\u00e5r mig att gl\u00e4nsa f\u00f6r mig sj\u00e4lv.<\/p>\n<p>9. <strong>Att h\u00f6sten kommer bli varm och solig <\/strong>s\u00e5 jag kan anv\u00e4nda h\u00e4rliga h\u00f6stkl\u00e4der och inte b\u00e4dda in mig i dunjacka det f\u00f6rsta som sker.<\/p>\n<p>10. <strong>Att Galina \u00e4r s\u00e5 frisk att vi kickar-ass p\u00e5 KM i dressyr<\/strong> p\u00e5 ridklubben, jag dr\u00f6mmer om en chans att f\u00e5 visa hur vacker min h\u00e4st \u00e4r och att vi kan lyckas trots att f\u00f6rbannade motg\u00e5ngar som varit. Hon \u00e4r fantastisk att rida och jag hade min livs ritt f\u00f6r tv\u00e5 dagar sedan.<br \/>\n<a href=\"http:\/\/siby.se\/tweet\/wp-content\/uploads\/2013\/12\/20131130_160244.jpg\"><img loading=\"lazy\" class=\"alignnone size-full wp-image-304\" src=\"http:\/\/siby.se\/tweet\/wp-content\/uploads\/2013\/12\/20131130_160244.jpg\" alt=\"20131130_160244\" width=\"1858\" height=\"3302\" srcset=\"https:\/\/siby.se\/tweet\/wp-content\/uploads\/2013\/12\/20131130_160244.jpg 1858w, https:\/\/siby.se\/tweet\/wp-content\/uploads\/2013\/12\/20131130_160244-168x300.jpg 168w\" sizes=\"(max-width: 1858px) 100vw, 1858px\" \/><\/a><\/p>\n","protected":false},"excerpt":{"rendered":"<p>En lista jag fann fr\u00e5n emmasvintage 1. Ett hem att f\u00e5 pyssla och jobba med, att bo i ett rum n\u00e4sta h\u00e4starna \u00e4r fantastiskt men jag l\u00e4ngtar d\u00e5 jag kan f\u00e5 m\u00e5la, inreda och f\u00f6rverkliga min dr\u00f6mmar. I ett hus &hellip; <a href=\"https:\/\/siby.se\/tweet\/blog\/2014\/09\/11\/10-saker-jag-drommer-om-just-nu\/\">Forts\u00e4tt l\u00e4sa <span class=\"meta-nav\">&rarr;<\/span><\/a><\/p>\n","protected":false},"author":1,"featured_media":0,"comment_status":"open","ping_status":"open","sticky":false,"template":"","format":"standard","meta":[],"categories":[3],"tags":[],"_links":{"self":[{"href":"https:\/\/siby.se\/tweet\/wp-json\/wp\/v2\/posts\/668"}],"collection":[{"href":"https:\/\/siby.se\/tweet\/wp-json\/wp\/v2\/posts"}],"about":[{"href":"https:\/\/siby.se\/tweet\/wp-json\/wp\/v2\/types\/post"}],"author":[{"embeddable":true,"href":"https:\/\/siby.se\/tweet\/wp-json\/wp\/v2\/users\/1"}],"replies":[{"embeddable":true,"href":"https:\/\/siby.se\/tweet\/wp-json\/wp\/v2\/comments?post=668"}],"version-history":[{"count":1,"href":"https:\/\/siby.se\/tweet\/wp-json\/wp\/v2\/posts\/668\/revisions"}],"predecessor-version":[{"id":669,"href":"https:\/\/siby.se\/tweet\/wp-json\/wp\/v2\/posts\/668\/revisions\/669"}],"wp:attachment":[{"href":"https:\/\/siby.se\/tweet\/wp-json\/wp\/v2\/media?parent=668"}],"wp:term":[{"taxonomy":"category","embeddable":true,"href":"https:\/\/siby.se\/tweet\/wp-json\/wp\/v2\/categories?post=668"},{"taxonomy":"post_tag","embeddable":true,"href":"https:\/\/siby.se\/tweet\/wp-json\/wp\/v2\/tags?post=668"}],"curies":[{"name":"wp","href":"https:\/\/api.w.org\/{rel}","templated":true}]}}