{"id":679,"date":"2014-10-03T06:53:49","date_gmt":"2014-10-03T06:53:49","guid":{"rendered":"http:\/\/siby.se\/tweet\/?p=679"},"modified":"2014-10-03T06:53:49","modified_gmt":"2014-10-03T06:53:49","slug":"andra-traningen-for-eva-karin","status":"publish","type":"post","link":"https:\/\/siby.se\/tweet\/blog\/2014\/10\/03\/andra-traningen-for-eva-karin\/","title":{"rendered":"Andra tr\u00e4ningen f\u00f6r Eva-Karin"},"content":{"rendered":"<p>Ig\u00e5r tr\u00e4nade jag och Galina f\u00f6r Eva-Karin Oscarsson igen och det var s\u00e5 himla roligt, den h\u00e4r g\u00e5ngen var hon fr\u00e4sch och ingen konstig i g\u00e5ngen syntes. Vi jobbade extremt mycket p\u00e5 att hitta \u00f6vningar f\u00f6r att sakta st\u00e4rka ovana muskler. Lugn och stilla tog vi det ingen hets och troligtvis kommer hela vintern att genomsyras med s\u00e5dan tr\u00e4ning, k\u00e4nns bra allt jag vill \u00e4r att hon ska h\u00e5lla och m\u00e5 bra.<\/p>\n<p>F\u00f6r mig \u00e4r det en miniseger att vi kan och vi vill, min \u00e4lskade prinsessa.<\/p>\n<p>Det viktigaste jag ska komma ih\u00e5g \u00e4r att inte rida f\u00f6r l\u00e4nge utan m\u00e5nga skrittpauser, ingen stress eller press. Jag \u00e4r glad att jag sj\u00e4lv ger mig den h\u00e4r chansen att utvecklas och bli b\u00e4ttre!<\/p>\n<p><a href=\"http:\/\/siby.se\/tweet\/wp-content\/uploads\/2014\/10\/IMG_20131118_075852.jpg\"><img loading=\"lazy\" class=\"alignnone size-full wp-image-680\" src=\"http:\/\/siby.se\/tweet\/wp-content\/uploads\/2014\/10\/IMG_20131118_075852.jpg\" alt=\"IMG_20131118_075852\" width=\"1536\" height=\"1536\" srcset=\"https:\/\/siby.se\/tweet\/wp-content\/uploads\/2014\/10\/IMG_20131118_075852.jpg 1536w, https:\/\/siby.se\/tweet\/wp-content\/uploads\/2014\/10\/IMG_20131118_075852-300x300.jpg 300w\" sizes=\"(max-width: 1536px) 100vw, 1536px\" \/><\/a><\/p>\n","protected":false},"excerpt":{"rendered":"<p>Ig\u00e5r tr\u00e4nade jag och Galina f\u00f6r Eva-Karin Oscarsson igen och det var s\u00e5 himla roligt, den h\u00e4r g\u00e5ngen var hon fr\u00e4sch och ingen konstig i g\u00e5ngen syntes. Vi jobbade extremt mycket p\u00e5 att hitta \u00f6vningar f\u00f6r att sakta st\u00e4rka ovana &hellip; <a href=\"https:\/\/siby.se\/tweet\/blog\/2014\/10\/03\/andra-traningen-for-eva-karin\/\">Forts\u00e4tt l\u00e4sa <span class=\"meta-nav\">&rarr;<\/span><\/a><\/p>\n","protected":false},"author":1,"featured_media":0,"comment_status":"open","ping_status":"open","sticky":false,"template":"","format":"standard","meta":[],"categories":[4],"tags":[],"_links":{"self":[{"href":"https:\/\/siby.se\/tweet\/wp-json\/wp\/v2\/posts\/679"}],"collection":[{"href":"https:\/\/siby.se\/tweet\/wp-json\/wp\/v2\/posts"}],"about":[{"href":"https:\/\/siby.se\/tweet\/wp-json\/wp\/v2\/types\/post"}],"author":[{"embeddable":true,"href":"https:\/\/siby.se\/tweet\/wp-json\/wp\/v2\/users\/1"}],"replies":[{"embeddable":true,"href":"https:\/\/siby.se\/tweet\/wp-json\/wp\/v2\/comments?post=679"}],"version-history":[{"count":1,"href":"https:\/\/siby.se\/tweet\/wp-json\/wp\/v2\/posts\/679\/revisions"}],"predecessor-version":[{"id":681,"href":"https:\/\/siby.se\/tweet\/wp-json\/wp\/v2\/posts\/679\/revisions\/681"}],"wp:attachment":[{"href":"https:\/\/siby.se\/tweet\/wp-json\/wp\/v2\/media?parent=679"}],"wp:term":[{"taxonomy":"category","embeddable":true,"href":"https:\/\/siby.se\/tweet\/wp-json\/wp\/v2\/categories?post=679"},{"taxonomy":"post_tag","embeddable":true,"href":"https:\/\/siby.se\/tweet\/wp-json\/wp\/v2\/tags?post=679"}],"curies":[{"name":"wp","href":"https:\/\/api.w.org\/{rel}","templated":true}]}}