{"id":689,"date":"2014-10-12T17:53:47","date_gmt":"2014-10-12T17:53:47","guid":{"rendered":"http:\/\/siby.se\/tweet\/?p=689"},"modified":"2014-10-12T17:53:47","modified_gmt":"2014-10-12T17:53:47","slug":"att-satta-mal","status":"publish","type":"post","link":"https:\/\/siby.se\/tweet\/blog\/2014\/10\/12\/att-satta-mal\/","title":{"rendered":"Att s\u00e4tta m\u00e5l"},"content":{"rendered":"<p>N\u00e4r jag g\u00f6r n\u00e5got vill jag s\u00e4tta upp m\u00e5l, m\u00e5l som ska hj\u00e4lpa mig att utvecklas och blir b\u00e4ttre, skapa perspektiv och f\u00e5 ner mig p\u00e5 jorden. M\u00e5len i min tr\u00e4ning och ridning \u00e4r att bli b\u00e4ttre och m\u00e5 b\u00e4ttre. Jag vill kunna anv\u00e4nda min fullst\u00e4ndiga kapacitet och vet att utifr\u00e5n mina f\u00f6ruts\u00e4ttningar har jag gjort det b\u00e4sta jag kan. Oavsett om det \u00e4r att springa milen p\u00e5 50 minuter eller starta en bana p\u00e5 1,20. Jag vill kunna k\u00e4nna att jag verkligen utnyttjat all den kraft som finns inom mig. Allt sitter i mitt huvud om jag t\u00e4nker att jag kan, d\u00e5 kan jag, utifr\u00e5n den kapacitet jag har inom mig.<\/p>\n<p><a href=\"http:\/\/siby.se\/tweet\/wp-content\/uploads\/2014\/04\/20140404_073634.jpg\"><img loading=\"lazy\" class=\"alignnone size-full wp-image-510\" src=\"http:\/\/siby.se\/tweet\/wp-content\/uploads\/2014\/04\/20140404_073634.jpg\" alt=\"20140404_073634\" width=\"1858\" height=\"3302\" srcset=\"https:\/\/siby.se\/tweet\/wp-content\/uploads\/2014\/04\/20140404_073634.jpg 1858w, https:\/\/siby.se\/tweet\/wp-content\/uploads\/2014\/04\/20140404_073634-168x300.jpg 168w\" sizes=\"(max-width: 1858px) 100vw, 1858px\" \/><\/a><\/p>\n","protected":false},"excerpt":{"rendered":"<p>N\u00e4r jag g\u00f6r n\u00e5got vill jag s\u00e4tta upp m\u00e5l, m\u00e5l som ska hj\u00e4lpa mig att utvecklas och blir b\u00e4ttre, skapa perspektiv och f\u00e5 ner mig p\u00e5 jorden. M\u00e5len i min tr\u00e4ning och ridning \u00e4r att bli b\u00e4ttre och m\u00e5 b\u00e4ttre. &hellip; <a href=\"https:\/\/siby.se\/tweet\/blog\/2014\/10\/12\/att-satta-mal\/\">Forts\u00e4tt l\u00e4sa <span class=\"meta-nav\">&rarr;<\/span><\/a><\/p>\n","protected":false},"author":1,"featured_media":0,"comment_status":"open","ping_status":"open","sticky":false,"template":"","format":"standard","meta":[],"categories":[1],"tags":[],"_links":{"self":[{"href":"https:\/\/siby.se\/tweet\/wp-json\/wp\/v2\/posts\/689"}],"collection":[{"href":"https:\/\/siby.se\/tweet\/wp-json\/wp\/v2\/posts"}],"about":[{"href":"https:\/\/siby.se\/tweet\/wp-json\/wp\/v2\/types\/post"}],"author":[{"embeddable":true,"href":"https:\/\/siby.se\/tweet\/wp-json\/wp\/v2\/users\/1"}],"replies":[{"embeddable":true,"href":"https:\/\/siby.se\/tweet\/wp-json\/wp\/v2\/comments?post=689"}],"version-history":[{"count":1,"href":"https:\/\/siby.se\/tweet\/wp-json\/wp\/v2\/posts\/689\/revisions"}],"predecessor-version":[{"id":690,"href":"https:\/\/siby.se\/tweet\/wp-json\/wp\/v2\/posts\/689\/revisions\/690"}],"wp:attachment":[{"href":"https:\/\/siby.se\/tweet\/wp-json\/wp\/v2\/media?parent=689"}],"wp:term":[{"taxonomy":"category","embeddable":true,"href":"https:\/\/siby.se\/tweet\/wp-json\/wp\/v2\/categories?post=689"},{"taxonomy":"post_tag","embeddable":true,"href":"https:\/\/siby.se\/tweet\/wp-json\/wp\/v2\/tags?post=689"}],"curies":[{"name":"wp","href":"https:\/\/api.w.org\/{rel}","templated":true}]}}