{"id":692,"date":"2014-10-27T21:31:25","date_gmt":"2014-10-27T21:31:25","guid":{"rendered":"http:\/\/siby.se\/tweet\/?p=692"},"modified":"2014-10-27T21:37:03","modified_gmt":"2014-10-27T21:37:03","slug":"helgen-som-var-2","status":"publish","type":"post","link":"https:\/\/siby.se\/tweet\/blog\/2014\/10\/27\/helgen-som-var-2\/","title":{"rendered":"Helgen som var"},"content":{"rendered":"<p>Helt pl\u00f6tsligt \u00e4r det m\u00e5ndag, IGEN! Hall\u00e5 nyss var det fredagkv\u00e4ll, jag, pappa och Brummel ligger och pillar naveln framf\u00f6r TV, samtidigt som jag\u00a0l\u00e5g och t\u00e4nkte p\u00e5 helgen som l\u00e5g framf\u00f6r mina f\u00f6tter. L\u00f6rdagen b\u00f6rjade jag med att rida med mor i pissregn, vi h\u00f6ll modet uppe och stod ut i exakt 30 minuter sen tog vi oss in i stallet. D\u00e4refter for jag till jobbet f\u00f6r att avverka tre timmar i mitt byggkaos, eftersom jag fick f\u00f6r mig f\u00f6r 2 veckor sedan att flytta v\u00e5ra gigantiska royal canin hyllor l\u00e4\u00e4ngst ner i butiken&#8230;. det var inte att &#8221;bara&#8221; flytta utan nu 2 1\/2 vecka senare h\u00e5ller jag p\u00e5 \u00e4n men jag ser slutet p\u00e5 allt flyttande och jag hoppas att allt \u00e4r typ klart p\u00e5 fredag. Efter jobbet for jag tillbaka hem f\u00f6r att, svida om till med civila kl\u00e4der och d\u00e4refter packa in mig, Brummel, Hanna och Marcus i bilen f\u00f6r att \u00e5ka till G\u00f6teborg, m\u00e5let var\u00a0att inf\u00f6rskaffa l\u00e4ngdskidor till mig och l\u00e4mna barnen p\u00e5 kalas. Fick s\u00e4llskap av Sandra &amp; Axel som s\u00e5 sn\u00e4llt visade mig till XXL sport, guidade mig igenom butiken fram till skidorna, f\u00f6r att sedan v\u00e4nta p\u00e5 att jag skulle prova pj\u00e4xa och titta ut vilka skidor jag ville ha. Det blev ett k\u00f6p och mina skidor st\u00e5r just nu i hallen \ud83d\ude00<\/p>\n<p>Helgen \u00e4r inte slut \u00e4n utan efter bes\u00f6ket p\u00e5 XXL sport, \u00e5kte vi hem till t\u00e5n\u00e5sv\u00e4gen 8 f\u00f6r att inmundiga lite mat. H\u00e4mtade upp barnen 21:00 f\u00f6r att sedan \u00e5ka hem till Tr\u00e4ssberg d\u00e4r vi alla dr\u00f6sade i s\u00e4ng 23:30.<br \/>\nS\u00f6ndagen innefattade promenad med Sussie &amp; Kensi uppf\u00f6r strupen, en tripp till Biltema f\u00f6r att k\u00f6pa sladd \u00e5t far. Hem f\u00f6r att sedan st\u00e4da mitt rum och \u00e4ta lunch. Stuvad spenat, kokt \u00e4gg och prinskorv. Efter det s\u00e5 \u00e5kte jag och mor till Lundsbrunn f\u00f6r att g\u00e5 p\u00e5 en tjejkv\u00e4ll som Maja-Stina &amp; Kajsa h\u00f6ll i, det bj\u00f6ds p\u00e5 god mat och det visades kl\u00e4der fr\u00e5n House of lola. Jag tog mig friheten att best\u00e4lla den h\u00e4r kavajen.<\/p>\n<p><img class=\"aligncenter\" src=\"http:\/\/www.houseoflola.se\/pub_images\/medium\/2824120-2_4954.jpg\" alt=\"2824120-2\" \/><\/p>\n<p>S\u00f6ndagen avslutades sedan med ett ridpass i paddocken p\u00e5 prinsessan f\u00f6r att testa v\u00e5ra nya paddockbelysning \ud83d\ude00 hurrraaaa nu kan jag tr\u00e4na s\u00e5 mycket jag orkar och inte beh\u00f6va fara till ridhuset pga att det \u00e4r m\u00f6rk ute och jag inte \u00e4r sugen p\u00e5 att rida ut! Prinsessan och jag hade s\u00e4llskap av mor och Caruso som ocks\u00e5 var v\u00e4ldigt n\u00f6jda med belysningen.<\/p>\n<p>Efter ridpasset blev den en dusch och sen kraschade jag i s\u00e4ng. Det var min helg det och jag misst\u00e4nker att n\u00e4stkommande kommer att inneh\u00e5lla minst lika mycket st\u00e5hej som denna.<\/p>\n<p><a href=\"http:\/\/siby.se\/tweet\/wp-content\/uploads\/2014\/10\/20140905_140312.jpg\"><img loading=\"lazy\" class=\"alignnone size-full wp-image-693\" src=\"http:\/\/siby.se\/tweet\/wp-content\/uploads\/2014\/10\/20140905_140312.jpg\" alt=\"20140905_140312\" width=\"1080\" height=\"1920\" srcset=\"https:\/\/siby.se\/tweet\/wp-content\/uploads\/2014\/10\/20140905_140312.jpg 1080w, https:\/\/siby.se\/tweet\/wp-content\/uploads\/2014\/10\/20140905_140312-168x300.jpg 168w\" sizes=\"(max-width: 1080px) 100vw, 1080px\" \/><br \/>\n<\/a><\/p>\n<p>Jag avslutar det h\u00e4r inl\u00e4gget med en bild fr\u00e5n London, jag sitter p\u00e5 en pub med en Aspall cider. Helt awesome!!<\/p>\n<p>&nbsp;<\/p>\n","protected":false},"excerpt":{"rendered":"<p>Helt pl\u00f6tsligt \u00e4r det m\u00e5ndag, IGEN! Hall\u00e5 nyss var det fredagkv\u00e4ll, jag, pappa och Brummel ligger och pillar naveln framf\u00f6r TV, samtidigt som jag\u00a0l\u00e5g och t\u00e4nkte p\u00e5 helgen som l\u00e5g framf\u00f6r mina f\u00f6tter. L\u00f6rdagen b\u00f6rjade jag med att rida med &hellip; <a href=\"https:\/\/siby.se\/tweet\/blog\/2014\/10\/27\/helgen-som-var-2\/\">Forts\u00e4tt l\u00e4sa <span class=\"meta-nav\">&rarr;<\/span><\/a><\/p>\n","protected":false},"author":1,"featured_media":0,"comment_status":"open","ping_status":"open","sticky":false,"template":"","format":"standard","meta":[],"categories":[4],"tags":[],"_links":{"self":[{"href":"https:\/\/siby.se\/tweet\/wp-json\/wp\/v2\/posts\/692"}],"collection":[{"href":"https:\/\/siby.se\/tweet\/wp-json\/wp\/v2\/posts"}],"about":[{"href":"https:\/\/siby.se\/tweet\/wp-json\/wp\/v2\/types\/post"}],"author":[{"embeddable":true,"href":"https:\/\/siby.se\/tweet\/wp-json\/wp\/v2\/users\/1"}],"replies":[{"embeddable":true,"href":"https:\/\/siby.se\/tweet\/wp-json\/wp\/v2\/comments?post=692"}],"version-history":[{"count":4,"href":"https:\/\/siby.se\/tweet\/wp-json\/wp\/v2\/posts\/692\/revisions"}],"predecessor-version":[{"id":697,"href":"https:\/\/siby.se\/tweet\/wp-json\/wp\/v2\/posts\/692\/revisions\/697"}],"wp:attachment":[{"href":"https:\/\/siby.se\/tweet\/wp-json\/wp\/v2\/media?parent=692"}],"wp:term":[{"taxonomy":"category","embeddable":true,"href":"https:\/\/siby.se\/tweet\/wp-json\/wp\/v2\/categories?post=692"},{"taxonomy":"post_tag","embeddable":true,"href":"https:\/\/siby.se\/tweet\/wp-json\/wp\/v2\/tags?post=692"}],"curies":[{"name":"wp","href":"https:\/\/api.w.org\/{rel}","templated":true}]}}