{"id":703,"date":"2014-10-30T14:04:07","date_gmt":"2014-10-30T14:04:07","guid":{"rendered":"http:\/\/siby.se\/tweet\/?p=703"},"modified":"2014-10-30T14:50:00","modified_gmt":"2014-10-30T14:50:00","slug":"liiista","status":"publish","type":"post","link":"https:\/\/siby.se\/tweet\/blog\/2014\/10\/30\/liiista\/","title":{"rendered":"LIIISTA"},"content":{"rendered":"<ol>\n<li><strong>Vilken \u00f6gonf\u00e4rg har du?<\/strong><br \/>\nJag har n\u00e5got som heter heterokromi, vilket betyder att mina iris har tv\u00e5 olika f\u00e4ger. Allts\u00e5 det ena \u00e4r gr\u00f6nt och det andra bl\u00e5tt, coolt va<\/li>\n<li><strong>Hur l\u00e5ng \u00e4r du?<br \/>\n<\/strong>Jag m\u00e4ter hela 176 cm och \u00e4r allts\u00e5 kortast i min familj, b\u00e5da mina systrar \u00e4r n\u00e4rmare 179 cm och mina f\u00f6r\u00e4ldrar 180-185. S\u00e5 kan de va n\u00e4r man anses vara l\u00e5ng \u00e4n \u00e4nd\u00e5 kort<\/li>\n<li><strong>Skostorlek?<\/strong><br \/>\nJag har brukar pendla mellan 41-42 men kan i vissa fall g\u00e5 upp till 43 om modellen \u00e4r liten.<br \/>\n<a href=\"http:\/\/siby.se\/tweet\/wp-content\/uploads\/2014\/10\/IMG_20140918_183935.jpg\"><img loading=\"lazy\" class=\"alignnone size-full wp-image-704\" src=\"http:\/\/siby.se\/tweet\/wp-content\/uploads\/2014\/10\/IMG_20140918_183935.jpg\" alt=\"IMG_20140918_183935\" width=\"1080\" height=\"1080\" srcset=\"https:\/\/siby.se\/tweet\/wp-content\/uploads\/2014\/10\/IMG_20140918_183935.jpg 1080w, https:\/\/siby.se\/tweet\/wp-content\/uploads\/2014\/10\/IMG_20140918_183935-300x300.jpg 300w\" sizes=\"(max-width: 1080px) 100vw, 1080px\" \/><\/a><\/li>\n<li><strong>Har du brutit n\u00e5got?<\/strong><br \/>\nDen \u00e4r m\u00e5nga \u00e5r sen nu men n\u00e4r jag red ponny fick jag rida en som hette Felix och var k\u00e4nd f\u00f6r att d\u00e4nga av sm\u00e5 barn, vilket han gjorde med mig ocks\u00e5. Jag landade i sargen p\u00e5 min h\u00f6gra axel och br\u00f6t nyckelbenet.<\/li>\n<li><strong>\u00c4r du stark?<\/strong><br \/>\nJovars jag \u00e4r s\u00e5 d\u00e4r stark i det jag beh\u00f6ver, rullar in h\u00f6silagebalar p\u00e5 500kg, lyfter s\u00e4ck och \u00e4r fruktansv\u00e4rt envis vilket f\u00f6r att jag fixar det mesta men om du fr\u00e5gar vad jag tar i benpress ligger nog vikten nu p\u00e5 75 kg.<\/li>\n<li><strong>Vad var din b\u00e4sta gren p\u00e5 gymnastiken?<\/strong><br \/>\nhmm jag var nog inte helt kass p\u00e5 n\u00e5got men jag f\u00f6redrog alltid de lektioner som det ingick styrka eftersom jag var mycket l\u00e4ngre och st\u00f6rre \u00e4n de flesta tjejer jag gympade med&#8230;<\/p>\n<p><a href=\"http:\/\/siby.se\/tweet\/wp-content\/uploads\/2014\/10\/IMG_20141029_181818.jpg\"><img loading=\"lazy\" class=\"alignnone size-full wp-image-705\" src=\"http:\/\/siby.se\/tweet\/wp-content\/uploads\/2014\/10\/IMG_20141029_181818.jpg\" alt=\"IMG_20141029_181818\" width=\"1080\" height=\"1080\" srcset=\"https:\/\/siby.se\/tweet\/wp-content\/uploads\/2014\/10\/IMG_20141029_181818.jpg 1080w, https:\/\/siby.se\/tweet\/wp-content\/uploads\/2014\/10\/IMG_20141029_181818-300x300.jpg 300w\" sizes=\"(max-width: 1080px) 100vw, 1080px\" \/><\/a><\/li>\n<li><strong>\u00c4r du en t\u00e4vlingsm\u00e4nniska?<\/strong><br \/>\nja och nej, nej\u00a0f\u00f6r jag har det s\u00e4msta t\u00e4vlingsnerverna. Har sv\u00e5rt att h\u00e5lla pli p\u00e5 min nervositet men blir b\u00e4ttre och b\u00e4ttre. Ja f\u00f6r att jag alltid reser mig upp och vill k\u00f6ra igen. M\u00e5let h\u00e4r \u00e4r att hitta mitt fokus, d\u00e4r jag bli ensam med mig sj\u00e4lv och min uppgift.<\/li>\n<li><strong>Beskriv dig sj\u00e4lv med fyra ord<\/strong><br \/>\nLojal, stark, \u00f6dmjuk och varm<\/li>\n<li><strong>Vem \u00e4r din f\u00f6rebild?<\/strong><br \/>\nDet \u00e4r s\u00e5 klyschigt som min mamma, hon \u00e4r s\u00e5 mycket som jag ocks\u00e5 vill vara och bli. Troligt kommer jag efterapa mycket av det hon g\u00f6r men jag \u00f6nskar att jag fick den analytiska f\u00f6rm\u00e5ga hon har samt f\u00f6rm\u00e5gan att f\u00e5 andra att g\u00f6ra som hon vill<\/li>\n<li><strong>Vad v\u00e4ger du?<\/strong><br \/>\nOkej nu undrar du varf\u00f6r jag tog med den h\u00e4r fr\u00e5ga och det handlar inte om uppm\u00e4rksamhet eller att n\u00e5gon ska klappa mig p\u00e5 axeln utan jag vill avdramatisera det h\u00e4r med vikt. Just nu s\u00e4ger v\u00e5gen 79,5 kg och s\u00e5 \u00e4r det med det \ud83d\ude42<\/p>\n<p><a href=\"http:\/\/siby.se\/tweet\/wp-content\/uploads\/2014\/10\/IMG_20141024_125252.jpg\"><img loading=\"lazy\" class=\"alignnone size-full wp-image-706\" src=\"http:\/\/siby.se\/tweet\/wp-content\/uploads\/2014\/10\/IMG_20141024_125252.jpg\" alt=\"IMG_20141024_125252\" width=\"1536\" height=\"1536\" srcset=\"https:\/\/siby.se\/tweet\/wp-content\/uploads\/2014\/10\/IMG_20141024_125252.jpg 1536w, https:\/\/siby.se\/tweet\/wp-content\/uploads\/2014\/10\/IMG_20141024_125252-300x300.jpg 300w\" sizes=\"(max-width: 1536px) 100vw, 1536px\" \/><\/a><\/li>\n<\/ol>\n","protected":false},"excerpt":{"rendered":"<p>Vilken \u00f6gonf\u00e4rg har du? Jag har n\u00e5got som heter heterokromi, vilket betyder att mina iris har tv\u00e5 olika f\u00e4ger. Allts\u00e5 det ena \u00e4r gr\u00f6nt och det andra bl\u00e5tt, coolt va Hur l\u00e5ng \u00e4r du? Jag m\u00e4ter hela 176 cm och &hellip; <a href=\"https:\/\/siby.se\/tweet\/blog\/2014\/10\/30\/liiista\/\">Forts\u00e4tt l\u00e4sa <span class=\"meta-nav\">&rarr;<\/span><\/a><\/p>\n","protected":false},"author":1,"featured_media":0,"comment_status":"open","ping_status":"open","sticky":false,"template":"","format":"standard","meta":[],"categories":[3],"tags":[],"_links":{"self":[{"href":"https:\/\/siby.se\/tweet\/wp-json\/wp\/v2\/posts\/703"}],"collection":[{"href":"https:\/\/siby.se\/tweet\/wp-json\/wp\/v2\/posts"}],"about":[{"href":"https:\/\/siby.se\/tweet\/wp-json\/wp\/v2\/types\/post"}],"author":[{"embeddable":true,"href":"https:\/\/siby.se\/tweet\/wp-json\/wp\/v2\/users\/1"}],"replies":[{"embeddable":true,"href":"https:\/\/siby.se\/tweet\/wp-json\/wp\/v2\/comments?post=703"}],"version-history":[{"count":4,"href":"https:\/\/siby.se\/tweet\/wp-json\/wp\/v2\/posts\/703\/revisions"}],"predecessor-version":[{"id":710,"href":"https:\/\/siby.se\/tweet\/wp-json\/wp\/v2\/posts\/703\/revisions\/710"}],"wp:attachment":[{"href":"https:\/\/siby.se\/tweet\/wp-json\/wp\/v2\/media?parent=703"}],"wp:term":[{"taxonomy":"category","embeddable":true,"href":"https:\/\/siby.se\/tweet\/wp-json\/wp\/v2\/categories?post=703"},{"taxonomy":"post_tag","embeddable":true,"href":"https:\/\/siby.se\/tweet\/wp-json\/wp\/v2\/tags?post=703"}],"curies":[{"name":"wp","href":"https:\/\/api.w.org\/{rel}","templated":true}]}}