{"id":715,"date":"2014-11-07T16:19:56","date_gmt":"2014-11-07T16:19:56","guid":{"rendered":"http:\/\/siby.se\/tweet\/?p=715"},"modified":"2014-11-07T16:21:06","modified_gmt":"2014-11-07T16:21:06","slug":"discofredag-nu-hojer-vi-tempot-och-taggar-for-fredag","status":"publish","type":"post","link":"https:\/\/siby.se\/tweet\/blog\/2014\/11\/07\/discofredag-nu-hojer-vi-tempot-och-taggar-for-fredag\/","title":{"rendered":"Discofredag &#8211; nu h\u00f6jer vi tempot och taggar f\u00f6r fredag."},"content":{"rendered":"<p>Vaknade med s\u00e5dan h\u00e4rlig k\u00e4nsla i magen, var glad i hela mig. Det har h\u00e4nt saker som gjort att en tung sten lossat fr\u00e5n mina axlar och det k\u00e4nns som om det kommer bli bra, att det som \u00e4r framf\u00f6r mig kommer bli s\u00e5 himla mycket b\u00e4ttre \u00e4n det har varit. S\u00e5 jag startade dagen med att rida ut p\u00e5 Caruso, det bet lite i\u00a0kinderna och det luktade sn\u00f6, s\u00e5 d\u00e4r n\u00e4r sn\u00f6n h\u00e4nger i luften och det strax kommar falla\u00a0massa fluffiga vita sn\u00f6flingor. Jag l\u00e4ngtar efter ljus, lussekatter och mys.\u00a0Ett annat infall som kom var att jag fotade mig sj\u00e4lv p\u00e5 jobbet.<\/p>\n<p><a href=\"http:\/\/siby.se\/tweet\/wp-content\/uploads\/2014\/11\/IMG_20141107_090850.jpg\"><img loading=\"lazy\" class=\"alignnone size-full wp-image-716\" src=\"http:\/\/siby.se\/tweet\/wp-content\/uploads\/2014\/11\/IMG_20141107_090850.jpg\" alt=\"IMG_20141107_090850\" width=\"1536\" height=\"2048\" srcset=\"https:\/\/siby.se\/tweet\/wp-content\/uploads\/2014\/11\/IMG_20141107_090850.jpg 1536w, https:\/\/siby.se\/tweet\/wp-content\/uploads\/2014\/11\/IMG_20141107_090850-225x300.jpg 225w\" sizes=\"(max-width: 1536px) 100vw, 1536px\" \/><\/a><\/p>\n<p>Bjuder \u00e4ven p\u00e5 en bild fr\u00e5n f\u00f6rra fredagen d\u00e5 jag, Hanna &amp; Marcus var p\u00e5 Halloween sittning \ud83d\ude42<\/p>\n<p><a href=\"http:\/\/siby.se\/tweet\/wp-content\/uploads\/2014\/11\/20141031_184430.jpg\"><img loading=\"lazy\" class=\"alignnone size-full wp-image-717\" src=\"http:\/\/siby.se\/tweet\/wp-content\/uploads\/2014\/11\/20141031_184430.jpg\" alt=\"20141031_184430\" width=\"2322\" height=\"4128\" srcset=\"https:\/\/siby.se\/tweet\/wp-content\/uploads\/2014\/11\/20141031_184430.jpg 2322w, https:\/\/siby.se\/tweet\/wp-content\/uploads\/2014\/11\/20141031_184430-168x300.jpg 168w\" sizes=\"(max-width: 2322px) 100vw, 2322px\" \/><\/a><\/p>\n","protected":false},"excerpt":{"rendered":"<p>Vaknade med s\u00e5dan h\u00e4rlig k\u00e4nsla i magen, var glad i hela mig. Det har h\u00e4nt saker som gjort att en tung sten lossat fr\u00e5n mina axlar och det k\u00e4nns som om det kommer bli bra, att det som \u00e4r framf\u00f6r &hellip; <a href=\"https:\/\/siby.se\/tweet\/blog\/2014\/11\/07\/discofredag-nu-hojer-vi-tempot-och-taggar-for-fredag\/\">Forts\u00e4tt l\u00e4sa <span class=\"meta-nav\">&rarr;<\/span><\/a><\/p>\n","protected":false},"author":1,"featured_media":0,"comment_status":"open","ping_status":"open","sticky":false,"template":"","format":"standard","meta":[],"categories":[4],"tags":[],"_links":{"self":[{"href":"https:\/\/siby.se\/tweet\/wp-json\/wp\/v2\/posts\/715"}],"collection":[{"href":"https:\/\/siby.se\/tweet\/wp-json\/wp\/v2\/posts"}],"about":[{"href":"https:\/\/siby.se\/tweet\/wp-json\/wp\/v2\/types\/post"}],"author":[{"embeddable":true,"href":"https:\/\/siby.se\/tweet\/wp-json\/wp\/v2\/users\/1"}],"replies":[{"embeddable":true,"href":"https:\/\/siby.se\/tweet\/wp-json\/wp\/v2\/comments?post=715"}],"version-history":[{"count":2,"href":"https:\/\/siby.se\/tweet\/wp-json\/wp\/v2\/posts\/715\/revisions"}],"predecessor-version":[{"id":719,"href":"https:\/\/siby.se\/tweet\/wp-json\/wp\/v2\/posts\/715\/revisions\/719"}],"wp:attachment":[{"href":"https:\/\/siby.se\/tweet\/wp-json\/wp\/v2\/media?parent=715"}],"wp:term":[{"taxonomy":"category","embeddable":true,"href":"https:\/\/siby.se\/tweet\/wp-json\/wp\/v2\/categories?post=715"},{"taxonomy":"post_tag","embeddable":true,"href":"https:\/\/siby.se\/tweet\/wp-json\/wp\/v2\/tags?post=715"}],"curies":[{"name":"wp","href":"https:\/\/api.w.org\/{rel}","templated":true}]}}