{"id":723,"date":"2014-11-11T06:08:32","date_gmt":"2014-11-11T06:08:32","guid":{"rendered":"http:\/\/siby.se\/tweet\/?p=723"},"modified":"2014-11-11T06:10:00","modified_gmt":"2014-11-11T06:10:00","slug":"nya-utmaningar-till-livet","status":"publish","type":"post","link":"https:\/\/siby.se\/tweet\/blog\/2014\/11\/11\/nya-utmaningar-till-livet\/","title":{"rendered":"Nya utmaningar till livet"},"content":{"rendered":"<p>Jag har k\u00e4nt en tappad motivation till min tr\u00e4ning, jag k\u00e4nner inte den d\u00e4r gl\u00e4djen till l\u00f6pningen som det har varit och att g\u00e5 till gymmet k\u00e4nns som ett gigantiskt projekt. Ja jag vet det sitter i huvudet och jag ska bara ta mig f\u00f6rbi det men jag m\u00e4rker att det inte hj\u00e4lper att banka och sl\u00e5 p\u00e5 mig sj\u00e4lv f\u00f6r d\u00e5 blir det ett tv\u00e5ng och d\u00e5 b\u00f6rjar jag tr\u00f6st\u00e4ta igen och det vill jag verkligen inte. Jag har k\u00e4mpat f\u00f6r att g\u00e5 ner och komma i den form jag \u00e4r i nu och det vill jag inte f\u00f6rlora. S\u00e5 jag plockar in n\u00e5got nytt som \u00e4r enkelt som inte tar j\u00e4tte l\u00e5ng tid att g\u00f6ra.<\/p>\n<p>!Yoga!<\/p>\n<p>Jag har l\u00e4nge velat f\u00e5 ig\u00e5ng n\u00e5gon form att kontinuerlig yogaut\u00f6vning eftersom det verkar g\u00f6ra en smidig och stark. Efter litet s\u00f6kande hittade jag en 4.30 min l\u00e5ng <a title=\"Morgonyoga\" href=\"http:\/\/www.youtube.com\/watch?v=qFautWufkBk\" target=\"_blank\">morgonyoga\u00a0<\/a>som jag t\u00e4nker f\u00f6rs\u00f6ka ut\u00f6va varje morgon ev. kv\u00e4ll beroende p\u00e5 hur jag f\u00e5r till men jag ska g\u00f6ra det i tv\u00e5 veckor med start fr\u00e5n nu och se om det kan g\u00f6ra n\u00e5gon skillnad f\u00f6r mig. Jag vet att tv\u00e5 veckor \u00e4r en v\u00e4ldigt kort tid men kanske tillr\u00e4ckligt f\u00f6r att f\u00e5 mig att inte tappa stinget. S\u00e5 14 pass borde jag klara av!<\/p>\n<p>s\u00e5 idag gjorde jag Pass#1 \ud83d\ude00<br \/>\n&#8211; s\u00e5\u00e5\u00e5 otroligt stel i hela kroppen, k\u00e4ndes pinsamt och dumt men blev varm i hela kroppen och k\u00e4nde att lite tr\u00f6tthet gick ur kroppen. Imorgon t\u00e4nder jag ljus ocks\u00e5 f\u00f6r att h\u00f6ja mysfaktorn!<\/p>\n<p>&nbsp;<\/p>\n","protected":false},"excerpt":{"rendered":"<p>Jag har k\u00e4nt en tappad motivation till min tr\u00e4ning, jag k\u00e4nner inte den d\u00e4r gl\u00e4djen till l\u00f6pningen som det har varit och att g\u00e5 till gymmet k\u00e4nns som ett gigantiskt projekt. Ja jag vet det sitter i huvudet och jag &hellip; <a href=\"https:\/\/siby.se\/tweet\/blog\/2014\/11\/11\/nya-utmaningar-till-livet\/\">Forts\u00e4tt l\u00e4sa <span class=\"meta-nav\">&rarr;<\/span><\/a><\/p>\n","protected":false},"author":1,"featured_media":0,"comment_status":"open","ping_status":"open","sticky":false,"template":"","format":"standard","meta":[],"categories":[9],"tags":[],"_links":{"self":[{"href":"https:\/\/siby.se\/tweet\/wp-json\/wp\/v2\/posts\/723"}],"collection":[{"href":"https:\/\/siby.se\/tweet\/wp-json\/wp\/v2\/posts"}],"about":[{"href":"https:\/\/siby.se\/tweet\/wp-json\/wp\/v2\/types\/post"}],"author":[{"embeddable":true,"href":"https:\/\/siby.se\/tweet\/wp-json\/wp\/v2\/users\/1"}],"replies":[{"embeddable":true,"href":"https:\/\/siby.se\/tweet\/wp-json\/wp\/v2\/comments?post=723"}],"version-history":[{"count":3,"href":"https:\/\/siby.se\/tweet\/wp-json\/wp\/v2\/posts\/723\/revisions"}],"predecessor-version":[{"id":726,"href":"https:\/\/siby.se\/tweet\/wp-json\/wp\/v2\/posts\/723\/revisions\/726"}],"wp:attachment":[{"href":"https:\/\/siby.se\/tweet\/wp-json\/wp\/v2\/media?parent=723"}],"wp:term":[{"taxonomy":"category","embeddable":true,"href":"https:\/\/siby.se\/tweet\/wp-json\/wp\/v2\/categories?post=723"},{"taxonomy":"post_tag","embeddable":true,"href":"https:\/\/siby.se\/tweet\/wp-json\/wp\/v2\/tags?post=723"}],"curies":[{"name":"wp","href":"https:\/\/api.w.org\/{rel}","templated":true}]}}