{"id":77,"date":"2013-06-05T05:53:43","date_gmt":"2013-06-05T05:53:43","guid":{"rendered":"http:\/\/siby.se\/tweet\/?p=77"},"modified":"2013-06-05T05:53:43","modified_gmt":"2013-06-05T05:53:43","slug":"det-sista-jag-ser-innan-jag-somnar","status":"publish","type":"post","link":"https:\/\/siby.se\/tweet\/blog\/2013\/06\/05\/det-sista-jag-ser-innan-jag-somnar\/","title":{"rendered":"Det sista jag ser innan jag somnar"},"content":{"rendered":"<p><a href=\"http:\/\/siby.se\/tweet\/wp-content\/uploads\/2013\/06\/WP_000535.jpg\"><img loading=\"lazy\" class=\"alignnone size-full wp-image-78\" alt=\"WP_000535\" src=\"http:\/\/siby.se\/tweet\/wp-content\/uploads\/2013\/06\/WP_000535.jpg\" width=\"1632\" height=\"1224\" srcset=\"https:\/\/siby.se\/tweet\/wp-content\/uploads\/2013\/06\/WP_000535.jpg 1632w, https:\/\/siby.se\/tweet\/wp-content\/uploads\/2013\/06\/WP_000535-300x225.jpg 300w, https:\/\/siby.se\/tweet\/wp-content\/uploads\/2013\/06\/WP_000535-400x300.jpg 400w\" sizes=\"(max-width: 1632px) 100vw, 1632px\" \/><\/a>Min pelargon som jag sj\u00e4lv drivit upp har precis slagit ut sina f\u00f6rsta blommor, tillsammans med den vackra utsikten och solnedg\u00e5ngen \u00e4r det ganska oslagbart!<\/p>\n<p><a href=\"http:\/\/siby.se\/tweet\/wp-content\/uploads\/2013\/06\/WP_000541.jpg\"><img loading=\"lazy\" class=\"alignnone size-full wp-image-79\" alt=\"WP_000541\" src=\"http:\/\/siby.se\/tweet\/wp-content\/uploads\/2013\/06\/WP_000541.jpg\" width=\"1632\" height=\"1224\" srcset=\"https:\/\/siby.se\/tweet\/wp-content\/uploads\/2013\/06\/WP_000541.jpg 1632w, https:\/\/siby.se\/tweet\/wp-content\/uploads\/2013\/06\/WP_000541-300x225.jpg 300w, https:\/\/siby.se\/tweet\/wp-content\/uploads\/2013\/06\/WP_000541-400x300.jpg 400w\" sizes=\"(max-width: 1632px) 100vw, 1632px\" \/><\/a>Sen det allra sista jag tittar p\u00e5 \u00e4r den h\u00e4r bilden, jag \u00e4lskar verkligen min h\u00e4st och det g\u00f6r ont i mig att n\u00e5gon g\u00e5ng i framtiden s\u00e5 kommer vi vandra i olika v\u00e4rldar men fram tills dess \u00a0skall jag g\u00f6ra allt i min makt f\u00f6r att ge henne lika mycket som hon ger mig.<\/p>\n<p>&nbsp;<\/p>\n<p>&nbsp;<\/p>\n","protected":false},"excerpt":{"rendered":"<p>Min pelargon som jag sj\u00e4lv drivit upp har precis slagit ut sina f\u00f6rsta blommor, tillsammans med den vackra utsikten och solnedg\u00e5ngen \u00e4r det ganska oslagbart! Sen det allra sista jag tittar p\u00e5 \u00e4r den h\u00e4r bilden, jag \u00e4lskar verkligen min &hellip; <a href=\"https:\/\/siby.se\/tweet\/blog\/2013\/06\/05\/det-sista-jag-ser-innan-jag-somnar\/\">Forts\u00e4tt l\u00e4sa <span class=\"meta-nav\">&rarr;<\/span><\/a><\/p>\n","protected":false},"author":1,"featured_media":0,"comment_status":"open","ping_status":"open","sticky":false,"template":"","format":"standard","meta":[],"categories":[1],"tags":[],"_links":{"self":[{"href":"https:\/\/siby.se\/tweet\/wp-json\/wp\/v2\/posts\/77"}],"collection":[{"href":"https:\/\/siby.se\/tweet\/wp-json\/wp\/v2\/posts"}],"about":[{"href":"https:\/\/siby.se\/tweet\/wp-json\/wp\/v2\/types\/post"}],"author":[{"embeddable":true,"href":"https:\/\/siby.se\/tweet\/wp-json\/wp\/v2\/users\/1"}],"replies":[{"embeddable":true,"href":"https:\/\/siby.se\/tweet\/wp-json\/wp\/v2\/comments?post=77"}],"version-history":[{"count":1,"href":"https:\/\/siby.se\/tweet\/wp-json\/wp\/v2\/posts\/77\/revisions"}],"predecessor-version":[{"id":80,"href":"https:\/\/siby.se\/tweet\/wp-json\/wp\/v2\/posts\/77\/revisions\/80"}],"wp:attachment":[{"href":"https:\/\/siby.se\/tweet\/wp-json\/wp\/v2\/media?parent=77"}],"wp:term":[{"taxonomy":"category","embeddable":true,"href":"https:\/\/siby.se\/tweet\/wp-json\/wp\/v2\/categories?post=77"},{"taxonomy":"post_tag","embeddable":true,"href":"https:\/\/siby.se\/tweet\/wp-json\/wp\/v2\/tags?post=77"}],"curies":[{"name":"wp","href":"https:\/\/api.w.org\/{rel}","templated":true}]}}