{"id":795,"date":"2015-01-03T09:56:40","date_gmt":"2015-01-03T09:56:40","guid":{"rendered":"http:\/\/siby.se\/tweet\/?p=795"},"modified":"2015-01-03T09:57:40","modified_gmt":"2015-01-03T09:57:40","slug":"2014-aret-som-gatt","status":"publish","type":"post","link":"https:\/\/siby.se\/tweet\/blog\/2015\/01\/03\/2014-aret-som-gatt\/","title":{"rendered":"2014 &#8211; \u00e5ret som g\u00e5tt"},"content":{"rendered":"<p>Januari&#8230; allts\u00e5 n\u00e4r jag tittar tillbaka p\u00e5 mina bilder ser jag hur otroligt mycket jag faktiskt gjort under 2014, vilka m\u00e4nniskor jag tr\u00e4ffar och vilka k\u00e4nslor jag genomlevt. Jag skulle vilja skiva en resume, ber\u00e4tta f\u00f6r er vad jag gjort men det inl\u00e4gget skulle bli en roman och v\u00e4ljer ist\u00e4llet att visa i bilder, 2 per m\u00e5nad f\u00f6r annars skulle \u00e4ven det h\u00e4r inl\u00e4gget bli enormt.<\/p>\n<p style=\"text-align: center;\"><strong>Januari<\/strong><br \/>\n<a href=\"http:\/\/siby.se\/tweet\/wp-content\/uploads\/2014\/01\/1604816_10152491682580130_562499169_n.jpg\"><img loading=\"lazy\" class=\"alignnone size-full wp-image-378\" src=\"http:\/\/siby.se\/tweet\/wp-content\/uploads\/2014\/01\/1604816_10152491682580130_562499169_n.jpg\" alt=\"1604816_10152491682580130_562499169_n\" width=\"540\" height=\"960\" srcset=\"https:\/\/siby.se\/tweet\/wp-content\/uploads\/2014\/01\/1604816_10152491682580130_562499169_n.jpg 540w, https:\/\/siby.se\/tweet\/wp-content\/uploads\/2014\/01\/1604816_10152491682580130_562499169_n-168x300.jpg 168w\" sizes=\"(max-width: 540px) 100vw, 540px\" \/><\/a><\/p>\n<p style=\"text-align: center;\"><em>En bild p\u00e5 mig i liften, \u00e4r i S\u00e4len med familjen och \u00e5ker skidor.<\/em><\/p>\n<p style=\"text-align: center;\"><a href=\"http:\/\/siby.se\/tweet\/wp-content\/uploads\/2014\/01\/IMG_20140116_094608.jpg\"><img loading=\"lazy\" class=\"alignnone size-full wp-image-388\" src=\"http:\/\/siby.se\/tweet\/wp-content\/uploads\/2014\/01\/IMG_20140116_094608.jpg\" alt=\"IMG_20140116_094608\" width=\"1080\" height=\"1080\" srcset=\"https:\/\/siby.se\/tweet\/wp-content\/uploads\/2014\/01\/IMG_20140116_094608.jpg 1080w, https:\/\/siby.se\/tweet\/wp-content\/uploads\/2014\/01\/IMG_20140116_094608-300x300.jpg 300w\" sizes=\"(max-width: 1080px) 100vw, 1080px\" \/><\/a><\/p>\n<p style=\"text-align: center;\"><em>Provade l\u00e4ngdskidor, blev fr\u00e4lst, \u00e4gde inga men nu st\u00e5r de och v\u00e4ntar p\u00e5 sn\u00f6n<\/em><\/p>\n<p style=\"text-align: center;\"><strong>Februari<\/strong><\/p>\n<p style=\"text-align: center;\"><a href=\"http:\/\/siby.se\/tweet\/wp-content\/uploads\/2014\/02\/20140216_130426.jpg\"><img loading=\"lazy\" class=\"alignnone size-full wp-image-439\" src=\"http:\/\/siby.se\/tweet\/wp-content\/uploads\/2014\/02\/20140216_130426.jpg\" alt=\"20140216_130426\" width=\"2322\" height=\"4128\" srcset=\"https:\/\/siby.se\/tweet\/wp-content\/uploads\/2014\/02\/20140216_130426.jpg 2322w, https:\/\/siby.se\/tweet\/wp-content\/uploads\/2014\/02\/20140216_130426-168x300.jpg 168w\" sizes=\"(max-width: 2322px) 100vw, 2322px\" \/><\/a><\/p>\n<p style=\"text-align: center;\"><em>Broderade min f\u00f6rsta tavla, hittade texten p\u00e5 n\u00e4tet och k\u00e4nde att en s\u00e5dan m\u00e5ste jag \u00e4ga sj\u00e4lv<\/em><\/p>\n<p style=\"text-align: center;\"><a href=\"http:\/\/siby.se\/tweet\/wp-content\/uploads\/2014\/02\/pic20140203074329.jpg\"><img loading=\"lazy\" class=\"alignnone size-full wp-image-422\" src=\"http:\/\/siby.se\/tweet\/wp-content\/uploads\/2014\/02\/pic20140203074329.jpg\" alt=\"pic20140203074329\" width=\"2304\" height=\"2304\" srcset=\"https:\/\/siby.se\/tweet\/wp-content\/uploads\/2014\/02\/pic20140203074329.jpg 2304w, https:\/\/siby.se\/tweet\/wp-content\/uploads\/2014\/02\/pic20140203074329-300x300.jpg 300w\" sizes=\"(max-width: 2304px) 100vw, 2304px\" \/><\/a><\/p>\n<p style=\"text-align: center;\"><em>B\u00f6rjade m\u00e4rka resultat av min tr\u00e4ning, jag var \u00f6verlycklig och stolt. Den dagen gr\u00e4t jag f\u00f6r lyckan jag hade inom mig. Att \u00e4ven jag kan!<\/em><\/p>\n<p style=\"text-align: center;\"><strong>Mars<\/strong><\/p>\n<p style=\"text-align: center;\"><a href=\"http:\/\/siby.se\/tweet\/wp-content\/uploads\/2014\/03\/tia61525568.jpg\"><img loading=\"lazy\" class=\"alignnone size-full wp-image-487\" src=\"http:\/\/siby.se\/tweet\/wp-content\/uploads\/2014\/03\/tia61525568.jpg\" alt=\"tia61525568\" width=\"2064\" height=\"1161\" srcset=\"https:\/\/siby.se\/tweet\/wp-content\/uploads\/2014\/03\/tia61525568.jpg 2064w, https:\/\/siby.se\/tweet\/wp-content\/uploads\/2014\/03\/tia61525568-300x168.jpg 300w, https:\/\/siby.se\/tweet\/wp-content\/uploads\/2014\/03\/tia61525568-500x281.jpg 500w\" sizes=\"(max-width: 2064px) 100vw, 2064px\" \/><\/a><\/p>\n<p style=\"text-align: center;\"><em>Mars \u00e4r ju min m\u00e5nad, jag fyller \u00e5r och fick en pulklocka i present. Nu tog jag tr\u00e4ningen p\u00e5 allvar f\u00f6r nu \u00e4r det mindre \u00e4n 2 m\u00e5n kvar till varvet.<\/em><\/p>\n<p style=\"text-align: center;\"><a href=\"http:\/\/siby.se\/tweet\/wp-content\/uploads\/2014\/03\/IMG_20140310_180035.jpg\"><img loading=\"lazy\" class=\"alignnone size-full wp-image-481\" src=\"http:\/\/siby.se\/tweet\/wp-content\/uploads\/2014\/03\/IMG_20140310_180035.jpg\" alt=\"IMG_20140310_180035\" width=\"1536\" height=\"1536\" srcset=\"https:\/\/siby.se\/tweet\/wp-content\/uploads\/2014\/03\/IMG_20140310_180035.jpg 1536w, https:\/\/siby.se\/tweet\/wp-content\/uploads\/2014\/03\/IMG_20140310_180035-300x300.jpg 300w\" sizes=\"(max-width: 1536px) 100vw, 1536px\" \/><\/a><\/p>\n<p style=\"text-align: center;\"><em>Galina fick klartecken fr\u00e5n veterin\u00e4ren att kunna rida som vanligt, \u00e4lskade h\u00e4st, du \u00e4r en krigare, du \u00e4r min \u00e4dla springare<\/em><\/p>\n<p style=\"text-align: center;\"><strong>April<\/strong><\/p>\n<p style=\"text-align: center;\"><a href=\"http:\/\/siby.se\/tweet\/wp-content\/uploads\/2014\/04\/20140404_073634.jpg\"><img loading=\"lazy\" class=\"alignnone size-full wp-image-510\" src=\"http:\/\/siby.se\/tweet\/wp-content\/uploads\/2014\/04\/20140404_073634.jpg\" alt=\"20140404_073634\" width=\"1858\" height=\"3302\" srcset=\"https:\/\/siby.se\/tweet\/wp-content\/uploads\/2014\/04\/20140404_073634.jpg 1858w, https:\/\/siby.se\/tweet\/wp-content\/uploads\/2014\/04\/20140404_073634-168x300.jpg 168w\" sizes=\"(max-width: 1858px) 100vw, 1858px\" \/><\/a><\/p>\n<p style=\"text-align: center;\"><em>Jag har g\u00e5tt ner 6 kg sen januari, jag k\u00e4nner att jag \u00e4r mindre, l\u00e4ttare och gladare. Tr\u00e4ningen ger resultat. 1 m\u00e5nad kvar<\/em><\/p>\n<p style=\"text-align: center;\"><a href=\"http:\/\/siby.se\/tweet\/wp-content\/uploads\/2014\/04\/cropped-IMG_0072.jpg\"><img loading=\"lazy\" class=\"alignnone size-full wp-image-519\" src=\"http:\/\/siby.se\/tweet\/wp-content\/uploads\/2014\/04\/cropped-IMG_0072.jpg\" alt=\"cropped-IMG_0072.jpg\" width=\"1000\" height=\"288\" srcset=\"https:\/\/siby.se\/tweet\/wp-content\/uploads\/2014\/04\/cropped-IMG_0072.jpg 1000w, https:\/\/siby.se\/tweet\/wp-content\/uploads\/2014\/04\/cropped-IMG_0072-300x86.jpg 300w, https:\/\/siby.se\/tweet\/wp-content\/uploads\/2014\/04\/cropped-IMG_0072-500x144.jpg 500w\" sizes=\"(max-width: 1000px) 100vw, 1000px\" \/><\/a><\/p>\n<p style=\"text-align: center;\"><em>\u00c4r ledig n\u00e5gra dagar, tar med Brummel till Billingen f\u00f6r att promenera bland bl\u00e5sippor och spriande gr\u00f6nska<\/em><\/p>\n<p style=\"text-align: center;\"><strong>Maj<\/strong><\/p>\n<p style=\"text-align: center;\"><a href=\"http:\/\/siby.se\/tweet\/wp-content\/uploads\/2014\/05\/m\u00e5lfoto-GBG-2014.jpg\"><img loading=\"lazy\" class=\"alignnone size-full wp-image-541\" src=\"http:\/\/siby.se\/tweet\/wp-content\/uploads\/2014\/05\/m\u00e5lfoto-GBG-2014.jpg\" alt=\"m\u00e5lfoto GBG 2014\" width=\"542\" height=\"960\" srcset=\"https:\/\/siby.se\/tweet\/wp-content\/uploads\/2014\/05\/m\u00e5lfoto-GBG-2014.jpg 542w, https:\/\/siby.se\/tweet\/wp-content\/uploads\/2014\/05\/m\u00e5lfoto-GBG-2014-169x300.jpg 169w\" sizes=\"(max-width: 542px) 100vw, 542px\" \/><\/a><\/p>\n<p style=\"text-align: center;\"><em>Allt jag tr\u00e4nat\u00a0f\u00f6r \u00e4r\u00a0nu avklarat, jag klarade varvet&#8230; HALL\u00c5 fattar ni?!? Hon som v\u00e4gde 88 kg, sm\u00e5fet och ingen kondishade. Jag sprang 2,1 mil p\u00e5 2 h 11 min. Det \u00e4r min m\u00e4ktigaste upplevelse.<\/em><\/p>\n<p style=\"text-align: center;\"><a href=\"http:\/\/siby.se\/tweet\/wp-content\/uploads\/2014\/05\/20140515_212356.jpg\"><img loading=\"lazy\" class=\"alignnone size-full wp-image-544\" src=\"http:\/\/siby.se\/tweet\/wp-content\/uploads\/2014\/05\/20140515_212356.jpg\" alt=\"20140515_212356\" width=\"1920\" height=\"1080\" srcset=\"https:\/\/siby.se\/tweet\/wp-content\/uploads\/2014\/05\/20140515_212356.jpg 1920w, https:\/\/siby.se\/tweet\/wp-content\/uploads\/2014\/05\/20140515_212356-300x168.jpg 300w, https:\/\/siby.se\/tweet\/wp-content\/uploads\/2014\/05\/20140515_212356-500x281.jpg 500w\" sizes=\"(max-width: 1920px) 100vw, 1920px\" \/><\/a><\/p>\n<p style=\"text-align: center;\"><em>Var mer jobbet p\u00e5 utbildning, fick h\u00e4nga med denna underbara m\u00e4nniska<\/em><\/p>\n<p style=\"text-align: center;\"><strong>Juni<\/strong><\/p>\n<p style=\"text-align: center;\"><a href=\"http:\/\/siby.se\/tweet\/wp-content\/uploads\/2014\/06\/IMG_20140609_233313.jpg\"><img loading=\"lazy\" class=\"alignnone size-full wp-image-565\" src=\"http:\/\/siby.se\/tweet\/wp-content\/uploads\/2014\/06\/IMG_20140609_233313.jpg\" alt=\"IMG_20140609_233313\" width=\"3456\" height=\"3456\" srcset=\"https:\/\/siby.se\/tweet\/wp-content\/uploads\/2014\/06\/IMG_20140609_233313.jpg 3456w, https:\/\/siby.se\/tweet\/wp-content\/uploads\/2014\/06\/IMG_20140609_233313-300x300.jpg 300w\" sizes=\"(max-width: 3456px) 100vw, 3456px\" \/><\/a><\/p>\n<p style=\"text-align: center;\"><em>Kidnappade Hel\u00e9ne och tog med henne p\u00e5 en roadtrip, vi korsade landet, sov p\u00e5 hotell, \u00e5t god mat och pratade s\u00e5 \u00f6ronen trillade av. \u00c4lskar dig &lt;3<\/em><\/p>\n<p style=\"text-align: center;\"><a href=\"http:\/\/siby.se\/tweet\/wp-content\/uploads\/2014\/06\/IMG_20140627_203646.jpg\"><img loading=\"lazy\" class=\"alignnone size-full wp-image-607\" src=\"http:\/\/siby.se\/tweet\/wp-content\/uploads\/2014\/06\/IMG_20140627_203646.jpg\" alt=\"IMG_20140627_203646\" width=\"1536\" height=\"1536\" srcset=\"https:\/\/siby.se\/tweet\/wp-content\/uploads\/2014\/06\/IMG_20140627_203646.jpg 1536w, https:\/\/siby.se\/tweet\/wp-content\/uploads\/2014\/06\/IMG_20140627_203646-300x300.jpg 300w\" sizes=\"(max-width: 1536px) 100vw, 1536px\" \/><\/a><\/p>\n<p style=\"text-align: center;\"><em>Sydde egna bordstabletter<\/em><\/p>\n<p style=\"text-align: center;\"><strong>Juli (mer \u00e4n 2 bilder)<\/strong><\/p>\n<p style=\"text-align: center;\"><em><a href=\"http:\/\/siby.se\/tweet\/wp-content\/uploads\/2014\/07\/20140701_224921.jpg\"><img loading=\"lazy\" class=\"alignnone size-full wp-image-617\" src=\"http:\/\/siby.se\/tweet\/wp-content\/uploads\/2014\/07\/20140701_224921.jpg\" alt=\"20140701_224921\" width=\"2064\" height=\"1161\" srcset=\"https:\/\/siby.se\/tweet\/wp-content\/uploads\/2014\/07\/20140701_224921.jpg 2064w, https:\/\/siby.se\/tweet\/wp-content\/uploads\/2014\/07\/20140701_224921-300x168.jpg 300w, https:\/\/siby.se\/tweet\/wp-content\/uploads\/2014\/07\/20140701_224921-500x281.jpg 500w\" sizes=\"(max-width: 2064px) 100vw, 2064px\" \/><\/a><\/em><\/p>\n<p style=\"text-align: center;\"><em>Sprang p\u00e5 n\u00e4tterna, vackraste ever, vackra Sverige, du \u00e4r mitt moderland<\/em><\/p>\n<p style=\"text-align: center;\"><a href=\"http:\/\/siby.se\/tweet\/wp-content\/uploads\/2014\/07\/pic_to_send-1.jpg\"><img loading=\"lazy\" class=\"alignnone size-full wp-image-628\" src=\"http:\/\/siby.se\/tweet\/wp-content\/uploads\/2014\/07\/pic_to_send-1.jpg\" alt=\"pic_to_send (1)\" width=\"2074\" height=\"2074\" srcset=\"https:\/\/siby.se\/tweet\/wp-content\/uploads\/2014\/07\/pic_to_send-1.jpg 2074w, https:\/\/siby.se\/tweet\/wp-content\/uploads\/2014\/07\/pic_to_send-1-300x300.jpg 300w\" sizes=\"(max-width: 2074px) 100vw, 2074px\" \/><\/a><\/p>\n<p style=\"text-align: center;\"><em>Sydde en egen bolero, riktigt n\u00f6jd<\/em><\/p>\n<p style=\"text-align: center;\"><a href=\"http:\/\/siby.se\/tweet\/wp-content\/uploads\/2014\/08\/pic20140731083912.jpg\"><img loading=\"lazy\" class=\"alignnone size-full wp-image-653\" src=\"http:\/\/siby.se\/tweet\/wp-content\/uploads\/2014\/08\/pic20140731083912.jpg\" alt=\"pic20140731083912\" width=\"2074\" height=\"2074\" srcset=\"https:\/\/siby.se\/tweet\/wp-content\/uploads\/2014\/08\/pic20140731083912.jpg 2074w, https:\/\/siby.se\/tweet\/wp-content\/uploads\/2014\/08\/pic20140731083912-300x300.jpg 300w\" sizes=\"(max-width: 2074px) 100vw, 2074px\" \/><\/a><\/p>\n<p style=\"text-align: center;\"><em>Mer tr\u00e4ning, jag kommer aldrig sluta<\/em><\/p>\n<p style=\"text-align: center;\"><strong>Augusti<\/strong><\/p>\n<p style=\"text-align: center;\"><em><a href=\"http:\/\/siby.se\/tweet\/wp-content\/uploads\/2014\/06\/IMG_20140629_192516.jpg\"><img loading=\"lazy\" class=\"alignnone size-full wp-image-605\" src=\"http:\/\/siby.se\/tweet\/wp-content\/uploads\/2014\/06\/IMG_20140629_192516.jpg\" alt=\"IMG_20140629_192516\" width=\"2048\" height=\"1536\" srcset=\"https:\/\/siby.se\/tweet\/wp-content\/uploads\/2014\/06\/IMG_20140629_192516.jpg 2048w, https:\/\/siby.se\/tweet\/wp-content\/uploads\/2014\/06\/IMG_20140629_192516-300x225.jpg 300w, https:\/\/siby.se\/tweet\/wp-content\/uploads\/2014\/06\/IMG_20140629_192516-400x300.jpg 400w\" sizes=\"(max-width: 2048px) 100vw, 2048px\" \/><\/a><\/em><\/p>\n<p style=\"text-align: center;\"><em>Plockade m\u00e4ngder av egenodlad potatis<\/em><\/p>\n<p style=\"text-align: center;\"><strong><a href=\"http:\/\/siby.se\/tweet\/wp-content\/uploads\/2014\/06\/WP_000610.jpg\"><img loading=\"lazy\" class=\"alignnone size-full wp-image-576\" src=\"http:\/\/siby.se\/tweet\/wp-content\/uploads\/2014\/06\/WP_000610.jpg\" alt=\"WP_000610\" width=\"1632\" height=\"1224\" srcset=\"https:\/\/siby.se\/tweet\/wp-content\/uploads\/2014\/06\/WP_000610.jpg 1632w, https:\/\/siby.se\/tweet\/wp-content\/uploads\/2014\/06\/WP_000610-300x225.jpg 300w, https:\/\/siby.se\/tweet\/wp-content\/uploads\/2014\/06\/WP_000610-400x300.jpg 400w\" sizes=\"(max-width: 1632px) 100vw, 1632px\" \/><\/a><\/strong><\/p>\n<p style=\"text-align: center;\"><em>Fotograferade en del<\/em><\/p>\n<p style=\"text-align: center;\"><strong>September<\/strong><\/p>\n<p style=\"text-align: center;\"><a href=\"http:\/\/siby.se\/tweet\/wp-content\/uploads\/2014\/09\/IMG_20140904_232014.jpg\"><img loading=\"lazy\" class=\"alignnone size-full wp-image-666\" src=\"http:\/\/siby.se\/tweet\/wp-content\/uploads\/2014\/09\/IMG_20140904_232014.jpg\" alt=\"IMG_20140904_232014\" width=\"2322\" height=\"2322\" srcset=\"https:\/\/siby.se\/tweet\/wp-content\/uploads\/2014\/09\/IMG_20140904_232014.jpg 2322w, https:\/\/siby.se\/tweet\/wp-content\/uploads\/2014\/09\/IMG_20140904_232014-300x300.jpg 300w\" sizes=\"(max-width: 2322px) 100vw, 2322px\" \/><\/a><\/p>\n<p style=\"text-align: center;\"><em>Klippte av mig h\u00e5ret och \u00e5kte till London med familjen<\/em><\/p>\n<p style=\"text-align: center;\"><a href=\"http:\/\/siby.se\/tweet\/wp-content\/uploads\/2014\/09\/Tjurruset-2014-2.jpg\"><img loading=\"lazy\" class=\"alignnone size-full wp-image-672\" src=\"http:\/\/siby.se\/tweet\/wp-content\/uploads\/2014\/09\/Tjurruset-2014-2.jpg\" alt=\"Tjurruset 2014 2\" width=\"540\" height=\"960\" srcset=\"https:\/\/siby.se\/tweet\/wp-content\/uploads\/2014\/09\/Tjurruset-2014-2.jpg 540w, https:\/\/siby.se\/tweet\/wp-content\/uploads\/2014\/09\/Tjurruset-2014-2-168x300.jpg 168w\" sizes=\"(max-width: 540px) 100vw, 540px\" \/><\/a><\/p>\n<p style=\"text-align: center;\"><em>Sprang Tjurruset med den h\u00e4r godingen<\/em><\/p>\n<p style=\"text-align: center;\"><strong>Oktober<\/strong><\/p>\n<p style=\"text-align: center;\"><a href=\"http:\/\/siby.se\/tweet\/wp-content\/uploads\/2014\/10\/Galina-och-jag-pay-and-ride.jpg\"><img loading=\"lazy\" class=\"alignnone size-full wp-image-699\" src=\"http:\/\/siby.se\/tweet\/wp-content\/uploads\/2014\/10\/Galina-och-jag-pay-and-ride.jpg\" alt=\"Galina och jag pay and ride\" width=\"960\" height=\"540\" srcset=\"https:\/\/siby.se\/tweet\/wp-content\/uploads\/2014\/10\/Galina-och-jag-pay-and-ride.jpg 960w, https:\/\/siby.se\/tweet\/wp-content\/uploads\/2014\/10\/Galina-och-jag-pay-and-ride-300x168.jpg 300w, https:\/\/siby.se\/tweet\/wp-content\/uploads\/2014\/10\/Galina-och-jag-pay-and-ride-500x281.jpg 500w\" sizes=\"(max-width: 960px) 100vw, 960px\" \/><\/a><\/p>\n<p style=\"text-align: center;\"><em>T\u00e4vlade med Galina och fick en godk\u00e4nd ritt, \u00e4lskade \u00e4lskade h\u00e4st<\/em><\/p>\n<p style=\"text-align: center;\"><a href=\"http:\/\/siby.se\/tweet\/wp-content\/uploads\/2014\/10\/IMG_20141024_125252.jpg\"><img loading=\"lazy\" class=\"alignnone size-full wp-image-706\" src=\"http:\/\/siby.se\/tweet\/wp-content\/uploads\/2014\/10\/IMG_20141024_125252.jpg\" alt=\"IMG_20141024_125252\" width=\"1536\" height=\"1536\" srcset=\"https:\/\/siby.se\/tweet\/wp-content\/uploads\/2014\/10\/IMG_20141024_125252.jpg 1536w, https:\/\/siby.se\/tweet\/wp-content\/uploads\/2014\/10\/IMG_20141024_125252-300x300.jpg 300w\" sizes=\"(max-width: 1536px) 100vw, 1536px\" \/><\/a><\/p>\n<p style=\"text-align: center;\"><em>Promenerade mycket med Brummel<\/em><\/p>\n<p style=\"text-align: center;\"><strong>November<\/strong><\/p>\n<p style=\"text-align: center;\"><a href=\"http:\/\/siby.se\/tweet\/wp-content\/uploads\/2014\/11\/20141031_184430.jpg\"><img loading=\"lazy\" class=\"alignnone size-full wp-image-717\" src=\"http:\/\/siby.se\/tweet\/wp-content\/uploads\/2014\/11\/20141031_184430.jpg\" alt=\"20141031_184430\" width=\"2322\" height=\"4128\" srcset=\"https:\/\/siby.se\/tweet\/wp-content\/uploads\/2014\/11\/20141031_184430.jpg 2322w, https:\/\/siby.se\/tweet\/wp-content\/uploads\/2014\/11\/20141031_184430-168x300.jpg 168w\" sizes=\"(max-width: 2322px) 100vw, 2322px\" \/><\/a><\/p>\n<p style=\"text-align: center;\"><em>Var p\u00e5 Halloweensittningen med Hanna, Marcus och Filip<\/em><\/p>\n<p style=\"text-align: center;\"><a href=\"http:\/\/siby.se\/tweet\/wp-content\/uploads\/2014\/11\/IMG_20141107_090850.jpg\"><img loading=\"lazy\" class=\"alignnone size-full wp-image-716\" src=\"http:\/\/siby.se\/tweet\/wp-content\/uploads\/2014\/11\/IMG_20141107_090850.jpg\" alt=\"IMG_20141107_090850\" width=\"1536\" height=\"2048\" srcset=\"https:\/\/siby.se\/tweet\/wp-content\/uploads\/2014\/11\/IMG_20141107_090850.jpg 1536w, https:\/\/siby.se\/tweet\/wp-content\/uploads\/2014\/11\/IMG_20141107_090850-225x300.jpg 225w\" sizes=\"(max-width: 1536px) 100vw, 1536px\" \/><\/a><\/p>\n<p style=\"text-align: center;\"><em>Jobbade extremt mycket<\/em><\/p>\n<p style=\"text-align: center;\"><strong>December<\/strong><\/p>\n<p style=\"text-align: center;\"><a href=\"http:\/\/siby.se\/tweet\/wp-content\/uploads\/2014\/12\/IMG_20140121_122820.jpg\"><img loading=\"lazy\" class=\"alignnone size-full wp-image-761\" src=\"http:\/\/siby.se\/tweet\/wp-content\/uploads\/2014\/12\/IMG_20140121_122820.jpg\" alt=\"IMG_20140121_122820\" width=\"1536\" height=\"1536\" srcset=\"https:\/\/siby.se\/tweet\/wp-content\/uploads\/2014\/12\/IMG_20140121_122820.jpg 1536w, https:\/\/siby.se\/tweet\/wp-content\/uploads\/2014\/12\/IMG_20140121_122820-300x300.jpg 300w\" sizes=\"(max-width: 1536px) 100vw, 1536px\" \/><\/a><\/p>\n<p style=\"text-align: center;\"><em>L\u00e4ngtade efter sn\u00f6n och den kom p\u00e5 Julafton, kan det bli med magiskt?<\/em><\/p>\n<p style=\"text-align: center;\"><em><a href=\"http:\/\/siby.se\/tweet\/wp-content\/uploads\/2015\/01\/20150101_123458.jpg\"><img loading=\"lazy\" class=\"alignnone size-full wp-image-793\" src=\"http:\/\/siby.se\/tweet\/wp-content\/uploads\/2015\/01\/20150101_123458.jpg\" alt=\"20150101_123458\" width=\"2322\" height=\"4128\" srcset=\"https:\/\/siby.se\/tweet\/wp-content\/uploads\/2015\/01\/20150101_123458.jpg 2322w, https:\/\/siby.se\/tweet\/wp-content\/uploads\/2015\/01\/20150101_123458-168x300.jpg 168w\" sizes=\"(max-width: 2322px) 100vw, 2322px\" \/><\/a><\/em><\/p>\n<p style=\"text-align: center;\"><em>H\u00e4r sitter jag 1 januari 2015, det har varit ny\u00e5r och jag fundera fortfarande p\u00e5 om jag avlade n\u00e5got l\u00f6fte. Det blev inget mer \u00e4n ett mantra jag ska ha inom mig &#8211; att \u00e4lska leva med mig.<\/em><\/p>\n<p style=\"text-align: center;\">\n","protected":false},"excerpt":{"rendered":"<p>Januari&#8230; allts\u00e5 n\u00e4r jag tittar tillbaka p\u00e5 mina bilder ser jag hur otroligt mycket jag faktiskt gjort under 2014, vilka m\u00e4nniskor jag tr\u00e4ffar och vilka k\u00e4nslor jag genomlevt. Jag skulle vilja skiva en resume, ber\u00e4tta f\u00f6r er vad jag gjort &hellip; <a href=\"https:\/\/siby.se\/tweet\/blog\/2015\/01\/03\/2014-aret-som-gatt\/\">Forts\u00e4tt l\u00e4sa <span class=\"meta-nav\">&rarr;<\/span><\/a><\/p>\n","protected":false},"author":1,"featured_media":0,"comment_status":"open","ping_status":"open","sticky":false,"template":"","format":"standard","meta":[],"categories":[7],"tags":[],"_links":{"self":[{"href":"https:\/\/siby.se\/tweet\/wp-json\/wp\/v2\/posts\/795"}],"collection":[{"href":"https:\/\/siby.se\/tweet\/wp-json\/wp\/v2\/posts"}],"about":[{"href":"https:\/\/siby.se\/tweet\/wp-json\/wp\/v2\/types\/post"}],"author":[{"embeddable":true,"href":"https:\/\/siby.se\/tweet\/wp-json\/wp\/v2\/users\/1"}],"replies":[{"embeddable":true,"href":"https:\/\/siby.se\/tweet\/wp-json\/wp\/v2\/comments?post=795"}],"version-history":[{"count":3,"href":"https:\/\/siby.se\/tweet\/wp-json\/wp\/v2\/posts\/795\/revisions"}],"predecessor-version":[{"id":798,"href":"https:\/\/siby.se\/tweet\/wp-json\/wp\/v2\/posts\/795\/revisions\/798"}],"wp:attachment":[{"href":"https:\/\/siby.se\/tweet\/wp-json\/wp\/v2\/media?parent=795"}],"wp:term":[{"taxonomy":"category","embeddable":true,"href":"https:\/\/siby.se\/tweet\/wp-json\/wp\/v2\/categories?post=795"},{"taxonomy":"post_tag","embeddable":true,"href":"https:\/\/siby.se\/tweet\/wp-json\/wp\/v2\/tags?post=795"}],"curies":[{"name":"wp","href":"https:\/\/api.w.org\/{rel}","templated":true}]}}