{"id":801,"date":"2015-01-10T11:52:22","date_gmt":"2015-01-10T11:52:22","guid":{"rendered":"http:\/\/siby.se\/tweet\/?p=801"},"modified":"2015-01-10T11:52:22","modified_gmt":"2015-01-10T11:52:22","slug":"nu-aker-jag-till-salen","status":"publish","type":"post","link":"https:\/\/siby.se\/tweet\/blog\/2015\/01\/10\/nu-aker-jag-till-salen\/","title":{"rendered":"Nu \u00e5ker jag till S\u00e4len"},"content":{"rendered":"<p>Om 29 minuter \u00e4r jag p\u00e5 v\u00e4g till S\u00e4len. Det kommer bli skidor p\u00e5 l\u00e4ngden, tv\u00e4ren och bredden. Utf\u00f6r och l\u00e4ngd. En paus i vardagen, en chans f\u00f6r eftertanke och rekreation. Tid f\u00f6r l\u00e4sa och godmat och mycket utomhusvistelse, s\u00e5 kinderna blir s\u00e5 d\u00e4r h\u00e4rligt rosiga. Jag vet att det kommer bli bra och att jag kommer att njuta men \u00e4nd\u00e5 k\u00e4nns det inte som de andra g\u00e5ngerna. N\u00e5got \u00e4r annorlunda och jag kan inte s\u00e4tta fingret p\u00e5 vad det \u00e4r? Oavesett ska jag ha det bra och jag vet att n\u00e4r jag kommer hem kommer jag vara utvilad och k\u00e4nna energin fl\u00f6da genom kroppen. Jag har en m\u00e5lbild d\u00e4r jag finner lyckan i det lilla och \u00e4r tillfred med mig sj\u00e4lv och alltid p\u00e5minna mig att inte hamna d\u00e4r jag var f\u00f6r 2 \u00e5r sedan, den h\u00e4r bilden har etsat sig fast p\u00e5 n\u00e4thinnan och hon\/jag \u00e4r en kvinna jag inte vill\u00a0tr\u00e4ffa\u00a0igen. <a href=\"http:\/\/siby.se\/tweet\/wp-content\/uploads\/2014\/04\/IMG_7936-Kopia.jpg\"><img loading=\"lazy\" class=\"alignnone size-full wp-image-509\" src=\"http:\/\/siby.se\/tweet\/wp-content\/uploads\/2014\/04\/IMG_7936-Kopia.jpg\" alt=\"IMG_7936 - Kopia\" width=\"1709\" height=\"1139\" srcset=\"https:\/\/siby.se\/tweet\/wp-content\/uploads\/2014\/04\/IMG_7936-Kopia.jpg 1709w, https:\/\/siby.se\/tweet\/wp-content\/uploads\/2014\/04\/IMG_7936-Kopia-300x199.jpg 300w, https:\/\/siby.se\/tweet\/wp-content\/uploads\/2014\/04\/IMG_7936-Kopia-450x300.jpg 450w\" sizes=\"(max-width: 1709px) 100vw, 1709px\" \/><\/a><br \/>\nJag vill vara en kvinna som utstr\u00e5lar styrka, livfullhet och m\u00e5lmedveten, det \u00e4r l\u00e5ngt kvar men jag har best\u00e4mt mig den \u00e4r den v\u00e4gen jag vill vandra.<br \/>\n<a href=\"http:\/\/siby.se\/tweet\/wp-content\/uploads\/2014\/01\/IMG_9914-Kopia.jpg\"><img loading=\"lazy\" class=\"alignnone size-full wp-image-401\" src=\"http:\/\/siby.se\/tweet\/wp-content\/uploads\/2014\/01\/IMG_9914-Kopia.jpg\" alt=\"IMG_9914 - Kopia\" width=\"1709\" height=\"1139\" srcset=\"https:\/\/siby.se\/tweet\/wp-content\/uploads\/2014\/01\/IMG_9914-Kopia.jpg 1709w, https:\/\/siby.se\/tweet\/wp-content\/uploads\/2014\/01\/IMG_9914-Kopia-300x199.jpg 300w, https:\/\/siby.se\/tweet\/wp-content\/uploads\/2014\/01\/IMG_9914-Kopia-450x300.jpg 450w\" sizes=\"(max-width: 1709px) 100vw, 1709px\" \/><\/a><\/p>\n<p>Nu till dagens positiva, hann rida Caruso innan jobbet, allts\u00e5 han v\u00e4xer den h\u00e4sten. Idag lyckades jag f\u00e5 han att slappna av och jobba utan en massa tjafs och sp\u00e4ndhet. Vi var ett team. Jag blir mer och mer lycklig av att rida honom. I\u00e5r kanske vi kan f\u00e5 ett riktigt bra samarbete och k\u00e4nna varandra p\u00e5 ett h\u00f6gre plan. Fina fina Caruso, han med hj\u00e4rtat av guld &lt;3<\/p>\n<p><a href=\"http:\/\/siby.se\/tweet\/wp-content\/uploads\/2015\/01\/Screenshot_2015-01-10-12-46-50.png\"><img loading=\"lazy\" class=\"alignnone size-full wp-image-802\" src=\"http:\/\/siby.se\/tweet\/wp-content\/uploads\/2015\/01\/Screenshot_2015-01-10-12-46-50.png\" alt=\"Screenshot_2015-01-10-12-46-50\" width=\"1229\" height=\"691\" srcset=\"https:\/\/siby.se\/tweet\/wp-content\/uploads\/2015\/01\/Screenshot_2015-01-10-12-46-50.png 1229w, https:\/\/siby.se\/tweet\/wp-content\/uploads\/2015\/01\/Screenshot_2015-01-10-12-46-50-300x168.png 300w, https:\/\/siby.se\/tweet\/wp-content\/uploads\/2015\/01\/Screenshot_2015-01-10-12-46-50-500x281.png 500w\" sizes=\"(max-width: 1229px) 100vw, 1229px\" \/><\/a><\/p>\n","protected":false},"excerpt":{"rendered":"<p>Om 29 minuter \u00e4r jag p\u00e5 v\u00e4g till S\u00e4len. Det kommer bli skidor p\u00e5 l\u00e4ngden, tv\u00e4ren och bredden. Utf\u00f6r och l\u00e4ngd. En paus i vardagen, en chans f\u00f6r eftertanke och rekreation. Tid f\u00f6r l\u00e4sa och godmat och mycket utomhusvistelse, s\u00e5 &hellip; <a href=\"https:\/\/siby.se\/tweet\/blog\/2015\/01\/10\/nu-aker-jag-till-salen\/\">Forts\u00e4tt l\u00e4sa <span class=\"meta-nav\">&rarr;<\/span><\/a><\/p>\n","protected":false},"author":1,"featured_media":0,"comment_status":"open","ping_status":"open","sticky":false,"template":"","format":"standard","meta":[],"categories":[10,7,4],"tags":[],"_links":{"self":[{"href":"https:\/\/siby.se\/tweet\/wp-json\/wp\/v2\/posts\/801"}],"collection":[{"href":"https:\/\/siby.se\/tweet\/wp-json\/wp\/v2\/posts"}],"about":[{"href":"https:\/\/siby.se\/tweet\/wp-json\/wp\/v2\/types\/post"}],"author":[{"embeddable":true,"href":"https:\/\/siby.se\/tweet\/wp-json\/wp\/v2\/users\/1"}],"replies":[{"embeddable":true,"href":"https:\/\/siby.se\/tweet\/wp-json\/wp\/v2\/comments?post=801"}],"version-history":[{"count":1,"href":"https:\/\/siby.se\/tweet\/wp-json\/wp\/v2\/posts\/801\/revisions"}],"predecessor-version":[{"id":803,"href":"https:\/\/siby.se\/tweet\/wp-json\/wp\/v2\/posts\/801\/revisions\/803"}],"wp:attachment":[{"href":"https:\/\/siby.se\/tweet\/wp-json\/wp\/v2\/media?parent=801"}],"wp:term":[{"taxonomy":"category","embeddable":true,"href":"https:\/\/siby.se\/tweet\/wp-json\/wp\/v2\/categories?post=801"},{"taxonomy":"post_tag","embeddable":true,"href":"https:\/\/siby.se\/tweet\/wp-json\/wp\/v2\/tags?post=801"}],"curies":[{"name":"wp","href":"https:\/\/api.w.org\/{rel}","templated":true}]}}