{"id":805,"date":"2015-01-24T06:24:53","date_gmt":"2015-01-24T06:24:53","guid":{"rendered":"http:\/\/siby.se\/tweet\/?p=805"},"modified":"2015-01-24T06:24:53","modified_gmt":"2015-01-24T06:24:53","slug":"lordagmorgon","status":"publish","type":"post","link":"https:\/\/siby.se\/tweet\/blog\/2015\/01\/24\/lordagmorgon\/","title":{"rendered":"L\u00f6rdagmorgon"},"content":{"rendered":"<p>Sitter och myser i morgonm\u00f6rkret med en stor kopp chailatte och inte att f\u00f6rgl\u00f6mma att \u00a0mysmorgonrocken \u00e4r p\u00e5. Den h\u00e4r dagen inneh\u00e5ller v\u00e4ldigt mycket s\u00e5 n\u00e4r jag kryper ner f\u00f6r att sova kommer jag ha kunnit med att:<\/p>\n<ul>\n<li>druckit upp min chailatte<\/li>\n<li>ridit Caruso<\/li>\n<li>packa klart och v\u00e4lja kl\u00e4nning!<\/li>\n<li>&#8230;.inte gl\u00f6mma presenten<\/li>\n<li>jobbat mellan 10-13<\/li>\n<li>tr\u00e4nat p\u00e5 stc<\/li>\n<li>provat det nya SJ3000<\/li>\n<li>komma till sthlm och tr\u00e4ffa Gustav<\/li>\n<li>svida om till festkl\u00e4der och g\u00e5 p\u00e5 30-\u00e5rs kalas<\/li>\n<li>&#8230;.f\u00f6rhoppningsvis hinna \u00e4ta mellan varven<\/li>\n<\/ul>\n<p>s\u00e5 heeej vad denna tag kommer att g\u00e5 fort<\/p>\n<p style=\"text-align: center;\"><a href=\"http:\/\/siby.se\/tweet\/wp-content\/uploads\/2014\/06\/20140629_204744.jpg\"><img loading=\"lazy\" class=\"alignnone size-full wp-image-603\" src=\"http:\/\/siby.se\/tweet\/wp-content\/uploads\/2014\/06\/20140629_204744.jpg\" alt=\"20140629_204744\" width=\"1080\" height=\"1920\" srcset=\"https:\/\/siby.se\/tweet\/wp-content\/uploads\/2014\/06\/20140629_204744.jpg 1080w, https:\/\/siby.se\/tweet\/wp-content\/uploads\/2014\/06\/20140629_204744-168x300.jpg 168w\" sizes=\"(max-width: 1080px) 100vw, 1080px\" \/><\/a><\/p>\n","protected":false},"excerpt":{"rendered":"<p>Sitter och myser i morgonm\u00f6rkret med en stor kopp chailatte och inte att f\u00f6rgl\u00f6mma att \u00a0mysmorgonrocken \u00e4r p\u00e5. Den h\u00e4r dagen inneh\u00e5ller v\u00e4ldigt mycket s\u00e5 n\u00e4r jag kryper ner f\u00f6r att sova kommer jag ha kunnit med att: druckit upp &hellip; <a href=\"https:\/\/siby.se\/tweet\/blog\/2015\/01\/24\/lordagmorgon\/\">Forts\u00e4tt l\u00e4sa <span class=\"meta-nav\">&rarr;<\/span><\/a><\/p>\n","protected":false},"author":1,"featured_media":0,"comment_status":"open","ping_status":"open","sticky":false,"template":"","format":"standard","meta":[],"categories":[4],"tags":[],"_links":{"self":[{"href":"https:\/\/siby.se\/tweet\/wp-json\/wp\/v2\/posts\/805"}],"collection":[{"href":"https:\/\/siby.se\/tweet\/wp-json\/wp\/v2\/posts"}],"about":[{"href":"https:\/\/siby.se\/tweet\/wp-json\/wp\/v2\/types\/post"}],"author":[{"embeddable":true,"href":"https:\/\/siby.se\/tweet\/wp-json\/wp\/v2\/users\/1"}],"replies":[{"embeddable":true,"href":"https:\/\/siby.se\/tweet\/wp-json\/wp\/v2\/comments?post=805"}],"version-history":[{"count":1,"href":"https:\/\/siby.se\/tweet\/wp-json\/wp\/v2\/posts\/805\/revisions"}],"predecessor-version":[{"id":806,"href":"https:\/\/siby.se\/tweet\/wp-json\/wp\/v2\/posts\/805\/revisions\/806"}],"wp:attachment":[{"href":"https:\/\/siby.se\/tweet\/wp-json\/wp\/v2\/media?parent=805"}],"wp:term":[{"taxonomy":"category","embeddable":true,"href":"https:\/\/siby.se\/tweet\/wp-json\/wp\/v2\/categories?post=805"},{"taxonomy":"post_tag","embeddable":true,"href":"https:\/\/siby.se\/tweet\/wp-json\/wp\/v2\/tags?post=805"}],"curies":[{"name":"wp","href":"https:\/\/api.w.org\/{rel}","templated":true}]}}